{"id":112430,"date":"2017-04-06T00:01:17","date_gmt":"2017-04-06T03:01:17","guid":{"rendered":"http:\/\/notinor.com\/jujuy\/?p=112430"},"modified":"2017-04-06T01:02:57","modified_gmt":"2017-04-06T04:02:57","slug":"el-gobierno-ordeno-a-las-fuerzas-de-seguridad-despejar-los-piquetes-durante-el-paro","status":"publish","type":"post","link":"https:\/\/notinor.com\/jujuy\/el-gobierno-ordeno-a-las-fuerzas-de-seguridad-despejar-los-piquetes-durante-el-paro\/","title":{"rendered":"El Gobierno orden\u00f3 a las fuerzas de seguridad \"despejar\" los piquetes durante el paro"},"content":{"rendered":"<p><a href=\"http:\/\/notinor.com\/jujuy\/wp-content\/uploads\/2016\/11\/Eugenio-Burzaco.jpg\"><img decoding=\"async\" loading=\"lazy\" class=\"alignnone size-full wp-image-97927\" src=\"http:\/\/notinor.com\/jujuy\/wp-content\/uploads\/2016\/11\/Eugenio-Burzaco.jpg\" alt=\"eugenio-burzaco\" width=\"970\" height=\"750\" srcset=\"https:\/\/notinor.com\/jujuy\/wp-content\/uploads\/2016\/11\/Eugenio-Burzaco.jpg 970w, https:\/\/notinor.com\/jujuy\/wp-content\/uploads\/2016\/11\/Eugenio-Burzaco-300x232.jpg 300w, https:\/\/notinor.com\/jujuy\/wp-content\/uploads\/2016\/11\/Eugenio-Burzaco-900x696.jpg 900w\" sizes=\"(max-width: 970px) 100vw, 970px\" \/><\/a><\/p>\n<p>El secretario de Seguridad ,Eugenio Burzaco, asegur\u00f3 este mi\u00e9rcoles que van a \"desplazar mucho personal de Gendarmer\u00eda, Prefectura y Polic\u00eda Federal\" para garantizar que \"aquel que s\u00ed quiere y que necesita trabajar\" ma\u00f1ana \"pueda hacerlo\" pese a los piquetes anunciados por el paro de la CGT.<\/p>\n<p>\"Nuestra idea es permitir que la gente que quiera ir a trabajar pueda hacerlo y evitar los bloqueos. El que quiere parar o hacer valer su derecho a huelga puede hacerlo pero no por eso perjudicar a aquel que quiere trabajar\", explic\u00f3 Burzaco.<\/p>\n<p>En declaraciones a Radio Nacional, el funcionario precis\u00f3 que van a \"desplazar mucha gente, personal de Gendarmer\u00eda, Prefectura, Polic\u00eda Federal\" porque entienden que \"en este caso es necesario para que, no habiendo transporte p\u00fablico y queriendo la gente ir a trabajar en sus autom\u00f3viles, lo puedan hacer\".<\/p>\n<p>Por otra parte, Burzaco tambi\u00e9n critic\u00f3 los dichos del l\u00edder del Sindicato de Peones de Taxi, Omar Viviani, quien exhort\u00f3 a \"dar vuelta\" los veh\u00edculos de aquellos afiliados que trabajen el jueves, y denunci\u00f3 que se trat\u00f3 de un intento de \"meterle miedo a la gente para que no vaya\" a sus empleos.<\/p>\n<p>\"Hay quienes necesitan ir a trabajar, por presentismo o porque necesitan llegar a fin de mes \u00bfpor qu\u00e9 un taxista tiene que tener miedo de usar su taxi porque se lo van a dar vuelta?\", cuestion\u00f3 el funcionario.<\/p>\n","protected":false},"excerpt":{"rendered":"<p>El secretario de Seguridad ,Eugenio Burzaco, asegur\u00f3 este mi\u00e9rcoles que van a \"desplazar mucho personal de Gendarmer\u00eda, Prefectura y Polic\u00eda Federal\" para garantizar que \"aquel que s\u00ed quiere y que necesita trabajar\" ma\u00f1ana \"pueda hacerlo\" pese a los piquetes anunciados por el paro de la CGT. \"Nuestra idea es permitir que la gente que quiera [&hellip;]<\/p>\n","protected":false},"author":1,"featured_media":97927,"comment_status":"open","ping_status":"open","sticky":false,"template":"","format":"standard","meta":{"_stopmodifiedupdate":false,"_modified_date":"","inline_featured_image":false,"spay_email":"","jetpack_publicize_message":""},"categories":[5],"tags":[],"jetpack_featured_media_url":"https:\/\/notinor.com\/jujuy\/wp-content\/uploads\/2016\/11\/Eugenio-Burzaco.jpg","jetpack_publicize_connections":[],"_links":{"self":[{"href":"https:\/\/notinor.com\/jujuy\/wp-json\/wp\/v2\/posts\/112430"}],"collection":[{"href":"https:\/\/notinor.com\/jujuy\/wp-json\/wp\/v2\/posts"}],"about":[{"href":"https:\/\/notinor.com\/jujuy\/wp-json\/wp\/v2\/types\/post"}],"author":[{"embeddable":true,"href":"https:\/\/notinor.com\/jujuy\/wp-json\/wp\/v2\/users\/1"}],"replies":[{"embeddable":true,"href":"https:\/\/notinor.com\/jujuy\/wp-json\/wp\/v2\/comments?post=112430"}],"version-history":[{"count":2,"href":"https:\/\/notinor.com\/jujuy\/wp-json\/wp\/v2\/posts\/112430\/revisions"}],"predecessor-version":[{"id":112433,"href":"https:\/\/notinor.com\/jujuy\/wp-json\/wp\/v2\/posts\/112430\/revisions\/112433"}],"wp:featuredmedia":[{"embeddable":true,"href":"https:\/\/notinor.com\/jujuy\/wp-json\/wp\/v2\/media\/97927"}],"wp:attachment":[{"href":"https:\/\/notinor.com\/jujuy\/wp-json\/wp\/v2\/media?parent=112430"}],"wp:term":[{"taxonomy":"category","embeddable":true,"href":"https:\/\/notinor.com\/jujuy\/wp-json\/wp\/v2\/categories?post=112430"},{"taxonomy":"post_tag","embeddable":true,"href":"https:\/\/notinor.com\/jujuy\/wp-json\/wp\/v2\/tags?post=112430"}],"curies":[{"name":"wp","href":"https:\/\/api.w.org\/{rel}","templated":true}]}}