{"id":111864,"date":"2017-04-01T00:23:52","date_gmt":"2017-04-01T03:23:52","guid":{"rendered":"http:\/\/notinor.com\/jujuy\/?p=111864"},"modified":"2017-04-01T05:27:32","modified_gmt":"2017-04-01T08:27:32","slug":"hoy-jujuy-habla-de-autismo","status":"publish","type":"post","link":"https:\/\/notinor.com\/jujuy\/hoy-jujuy-habla-de-autismo\/","title":{"rendered":"Hoy Jujuy habla de Autismo"},"content":{"rendered":"<p>El 2 de abril se recuerda el D\u00eda Mundial del Autismo. En nuestra provincia, la Fundaci\u00f3n Son-Risas realizar\u00e1 el acto central este s\u00e1bado 1, desde las 14, en el Complejo Cultural Manuel Belgrano (exEstaci\u00f3n de Trenes).<\/p>\n<p><a href=\"http:\/\/notinor.com\/jujuy\/wp-content\/uploads\/2017\/04\/autsmo.jpg\"><img decoding=\"async\" loading=\"lazy\" class=\"alignnone size-full wp-image-111865\" src=\"http:\/\/notinor.com\/jujuy\/wp-content\/uploads\/2017\/04\/autsmo.jpg\" alt=\"autsmo\" width=\"458\" height=\"564\" srcset=\"https:\/\/notinor.com\/jujuy\/wp-content\/uploads\/2017\/04\/autsmo.jpg 458w, https:\/\/notinor.com\/jujuy\/wp-content\/uploads\/2017\/04\/autsmo-244x300.jpg 244w\" sizes=\"(max-width: 458px) 100vw, 458px\" \/><\/a><\/p>\n<p>La fundaci\u00f3n Sonrisas nace el 1 de Mayo de 2011, con el nombre de FUNDACION SON-RISAS, por iniciativa de un grupo de padres de ni\u00f1os con Trastornos del Neurodesarrolo, espec\u00edficamente con Trastornos del Espectro Autista quienes deambulaban por los \u00e1mbitos de salud y educaci\u00f3n buscando respuestas para atender las necesidades de sus hijos quienes padecen esta patolog\u00eda casi desconocida en nuestra comunidad.<\/p>\n<p>La Fundaci\u00f3n carece de fines de lucro y los objetivos prioritarios son: La Concientizaci\u00f3n, La Sensibilizaci\u00f3n, la Orientaci\u00f3n y la Capacitaci\u00f3n, de padres, familiares, profesionales de Educaci\u00f3n y Salud relacionados directa o indirectamente con personas que padezcan este Trastorno.<\/p>\n<p>El trabajo realizado por la Fundacion Son-risas desde el a\u00f1o 2011 posibilito la aprobaci\u00f3n de la declaraci\u00f3n de inter\u00e9s municipal n\u00b0 6443 del a\u00f1o 2013 por el Concejo Deliberante de San Salvador de Jujuy a la \u00b4SEXTA JORNADA DENOMINADA HABLEMOS DE AUTISMO\u00b4 en el a\u00f1o 2013 y posteriores jornadas que junto a la Resoluci\u00f3n n\u00b062\/139 del a\u00f1o 2008 aprobada por asamblea general de la ONU fueron base para la aprobaci\u00f3n de la ley nacional n\u00b0 27.053 en diciembre de 2014 en la c\u00e1mara de diputados de la naci\u00f3n estableciendo el 2 de abril como d\u00eda nacional de concientizaci\u00f3n sobre el Autismo.<\/p>\n<p>Seguidamente en mayo de 2015 se aprob\u00f3 en la Legislatura de nuestra provincia la Ley 5.874 que instituye el 2 de abril como d\u00eda provincial sobre concientizaci\u00f3n sobre el Autismo con nuestro presidente el sr. Jorge Fernando Pe\u00f1aloza presente en el recinto de la legislatura.<\/p>\n<p>La fundacion Son-Risas desde el a\u00f1o 2015 luch\u00f3 activamente para la aprobaci\u00f3n de la ley Provincial n\u00b0 5.951 que fue aprobada el d\u00eda 3 de septiembre de 2016 con miembros de la fundaci\u00f3n presentes en el recinto de legisladores, que adhiere a la ley nacional n\u00b0 27.043 de \u201cAbordaje Integral e Interdicisplinario de las personas que presentan Trastornos del Espectro Autista\u201d.<\/p>\n<p>El d\u00eda 2 de Abril fue establecido por la Organizaci\u00f3n de las Naciones Unidas como el d\u00eda mundial de concientizaci\u00f3n sobre el AUTISMO, seg\u00fan RESOLUCION 62\/139, <strong>El fin de la ONU al asignar un d\u00eda en particular es el de aumentar la conciencia p\u00fablica sobre este trastorno que representa una crisis de salud global de gravedad creciente (considerada incluso epidemia); y a la vez generar actividades de difusi\u00f3n sobre la importancia del diagn\u00f3stico precoz y la intervenci\u00f3n temprana; y a trav\u00e9s de eventos comunitarios globales propender a la inclusi\u00f3n social de las personas con autismo y sus habilidades y talentos distintivos.<\/strong><\/p>\n<p>Este evento de concientizaci\u00f3n que realiza la Fundacion Son-Risas desde el a\u00f1o 2012 en nuestra ciudad tiene como objetivo reunirnos padres, familiares, profesionales del \u00e1rea salud y educaci\u00f3n, funcionarios, y dem\u00e1s personas que no est\u00e1n relacionadas directamente a la tem\u00e1tica, para visibilizar y sensibilizar a la sociedad sobre las caracter\u00edsticas para una detecci\u00f3n precoz que mejore la calidad de vida de las personas con Autismo y su familia que tenga repercusi\u00f3n en la sociedad as\u00ed de esta forma lograr una verdadera inclusi\u00f3n<\/p>\n","protected":false},"excerpt":{"rendered":"<p>El 2 de abril se recuerda el D\u00eda Mundial del Autismo. En nuestra provincia, la Fundaci\u00f3n Son-Risas realizar\u00e1 el acto central este s\u00e1bado 1, desde las 14, en el Complejo Cultural Manuel Belgrano (exEstaci\u00f3n de Trenes). La fundaci\u00f3n Sonrisas nace el 1 de Mayo de 2011, con el nombre de FUNDACION SON-RISAS, por iniciativa de [&hellip;]<\/p>\n","protected":false},"author":1,"featured_media":111865,"comment_status":"open","ping_status":"open","sticky":false,"template":"","format":"standard","meta":{"_stopmodifiedupdate":false,"_modified_date":"","inline_featured_image":false},"categories":[2,13],"tags":[],"jetpack_featured_media_url":"https:\/\/notinor.com\/jujuy\/wp-content\/uploads\/2017\/04\/autsmo.jpg","_links":{"self":[{"href":"https:\/\/notinor.com\/jujuy\/wp-json\/wp\/v2\/posts\/111864"}],"collection":[{"href":"https:\/\/notinor.com\/jujuy\/wp-json\/wp\/v2\/posts"}],"about":[{"href":"https:\/\/notinor.com\/jujuy\/wp-json\/wp\/v2\/types\/post"}],"author":[{"embeddable":true,"href":"https:\/\/notinor.com\/jujuy\/wp-json\/wp\/v2\/users\/1"}],"replies":[{"embeddable":true,"href":"https:\/\/notinor.com\/jujuy\/wp-json\/wp\/v2\/comments?post=111864"}],"version-history":[{"count":1,"href":"https:\/\/notinor.com\/jujuy\/wp-json\/wp\/v2\/posts\/111864\/revisions"}],"predecessor-version":[{"id":111866,"href":"https:\/\/notinor.com\/jujuy\/wp-json\/wp\/v2\/posts\/111864\/revisions\/111866"}],"wp:featuredmedia":[{"embeddable":true,"href":"https:\/\/notinor.com\/jujuy\/wp-json\/wp\/v2\/media\/111865"}],"wp:attachment":[{"href":"https:\/\/notinor.com\/jujuy\/wp-json\/wp\/v2\/media?parent=111864"}],"wp:term":[{"taxonomy":"category","embeddable":true,"href":"https:\/\/notinor.com\/jujuy\/wp-json\/wp\/v2\/categories?post=111864"},{"taxonomy":"post_tag","embeddable":true,"href":"https:\/\/notinor.com\/jujuy\/wp-json\/wp\/v2\/tags?post=111864"}],"curies":[{"name":"wp","href":"https:\/\/api.w.org\/{rel}","templated":true}]}}