{"id":111247,"date":"2017-03-27T00:00:45","date_gmt":"2017-03-27T03:00:45","guid":{"rendered":"http:\/\/notinor.com\/jujuy\/?p=111247"},"modified":"2017-03-26T18:24:15","modified_gmt":"2017-03-26T21:24:15","slug":"el-gobierno-prepara-proyectos-productivos-para-comunidades-originarias","status":"publish","type":"post","link":"https:\/\/notinor.com\/jujuy\/el-gobierno-prepara-proyectos-productivos-para-comunidades-originarias\/","title":{"rendered":"El gobierno prepara proyectos productivos para comunidades originarias"},"content":{"rendered":"<p><a href=\"http:\/\/notinor.com\/jujuy\/wp-content\/uploads\/2017\/03\/el-moreno.jpg\"><img decoding=\"async\" loading=\"lazy\" class=\"alignnone size-full wp-image-111248\" src=\"http:\/\/notinor.com\/jujuy\/wp-content\/uploads\/2017\/03\/el-moreno.jpg\" alt=\"el moreno\" width=\"992\" height=\"638\" srcset=\"https:\/\/notinor.com\/jujuy\/wp-content\/uploads\/2017\/03\/el-moreno.jpg 992w, https:\/\/notinor.com\/jujuy\/wp-content\/uploads\/2017\/03\/el-moreno-300x193.jpg 300w\" sizes=\"(max-width: 992px) 100vw, 992px\" \/><\/a><\/p>\n<p>En el marco del Plan Provincial de Proyectos Productivos, el secretario de Desarrollo Industrial y Comercial, Diego Su\u00e1rez, se reuni\u00f3 en El Moreno con referentes de 20 comunidades originarias y gener\u00f3 alternativas de trabajo a partir de los esfuerzos conjuntos realizados con la secretaria de Pueblos Ind\u00edgenas, Natalia Sarapura.<\/p>\n<p>Su\u00e1rez explic\u00f3 que \u201cel impulso de iniciativas con grupos originarios implica un paso m\u00e1s que se asienta en los buenos resultados que obtuvimos en el a\u00f1o 2016 con el 4P, y incorporamos a esta propuesta a la Secretar\u00eda de Pueblos Ind\u00edgenas, que nos propuso poder generar acciones coordinadas\u201d.<\/p>\n<p>\u201cDesde la Secretar\u00eda de Desarrollo Industrial y Comercial se trabajar\u00e1 en la realizaci\u00f3n de capacitaciones que brinden herramientas de utilidad para la formulaci\u00f3n de proyectos, en vistas a generar industrializaci\u00f3n sobre la producci\u00f3n primaria. Para ello, cada comunidad seleccionar\u00e1 un representante, que es la persona que recibir\u00e1 la capacitaci\u00f3n y luego, mencion\u00f3 el Secretario, \u201ccon un monitoreo permanente de nuestra parte, vamos a acompa\u00f1ar para que vaya avanzando por todas las etapas hasta que se pueda llegar a concretar esa iniciativa\u201d explic\u00f3.<\/p>\n<p>La primera jornada congreg\u00f3 a integrantes de todas las comunidades que pertenecen a Salinas Grandes y Lagunas de Guayatayoc. \u201cRecibieron con mucho entusiasmo nuestra propuesta de realizar estas capacitaciones y comenzar con el dise\u00f1o de los proyectos, luego buscar financiamiento y empezar a concretar estas iniciativas de desarrollo\u201d, dijo Su\u00e1rez.<\/p>\n<p>Se enfocar\u00e1n en actividades de artesan\u00edas; granos andinos; frutihort\u00edcolas; cam\u00e9lidos y sus derivados; y miner\u00eda, a partir de la laja y \u00f3nix. El objetivo es avanzar en ayudar a las comunidades a industrializar toda esa variedad de producciones primarias que hay en la Puna y en la Quebrada.<\/p>\n<p>Las capacitaciones tendr\u00e1n car\u00e1cter rotativo y se realizar\u00e1n en la localidad de Susques y Salinas, se extender\u00e1n durante un mes y medio, para luego avanzar en la concreci\u00f3n de los dise\u00f1os de proyectos.<\/p>\n<p>\u201cLa idea es luego de la formaci\u00f3n, trabajar fuertemente en la etapa de acompa\u00f1amiento, en la b\u00fasqueda del financiamiento y la concreci\u00f3n del proyecto\u201d, ponder\u00f3 el funcionario, para lo que \u201chay que ir haciendo un camino junto a los referentes, sostener el trabajo a lo largo del tiempo, tener constancia, para que estas propuestas puedan tomar cuerpo y consolidarse\u201d cerr\u00f3.<\/p>\n","protected":false},"excerpt":{"rendered":"<p>En el marco del Plan Provincial de Proyectos Productivos, el secretario de Desarrollo Industrial y Comercial, Diego Su\u00e1rez, se reuni\u00f3 en El Moreno con referentes de 20 comunidades originarias y gener\u00f3 alternativas de trabajo a partir de los esfuerzos conjuntos realizados con la secretaria de Pueblos Ind\u00edgenas, Natalia Sarapura. Su\u00e1rez explic\u00f3 que \u201cel impulso de [&hellip;]<\/p>\n","protected":false},"author":1,"featured_media":111248,"comment_status":"open","ping_status":"open","sticky":false,"template":"","format":"standard","meta":{"_stopmodifiedupdate":false,"_modified_date":"","inline_featured_image":false},"categories":[493],"tags":[],"jetpack_featured_media_url":"https:\/\/notinor.com\/jujuy\/wp-content\/uploads\/2017\/03\/el-moreno.jpg","_links":{"self":[{"href":"https:\/\/notinor.com\/jujuy\/wp-json\/wp\/v2\/posts\/111247"}],"collection":[{"href":"https:\/\/notinor.com\/jujuy\/wp-json\/wp\/v2\/posts"}],"about":[{"href":"https:\/\/notinor.com\/jujuy\/wp-json\/wp\/v2\/types\/post"}],"author":[{"embeddable":true,"href":"https:\/\/notinor.com\/jujuy\/wp-json\/wp\/v2\/users\/1"}],"replies":[{"embeddable":true,"href":"https:\/\/notinor.com\/jujuy\/wp-json\/wp\/v2\/comments?post=111247"}],"version-history":[{"count":1,"href":"https:\/\/notinor.com\/jujuy\/wp-json\/wp\/v2\/posts\/111247\/revisions"}],"predecessor-version":[{"id":111249,"href":"https:\/\/notinor.com\/jujuy\/wp-json\/wp\/v2\/posts\/111247\/revisions\/111249"}],"wp:featuredmedia":[{"embeddable":true,"href":"https:\/\/notinor.com\/jujuy\/wp-json\/wp\/v2\/media\/111248"}],"wp:attachment":[{"href":"https:\/\/notinor.com\/jujuy\/wp-json\/wp\/v2\/media?parent=111247"}],"wp:term":[{"taxonomy":"category","embeddable":true,"href":"https:\/\/notinor.com\/jujuy\/wp-json\/wp\/v2\/categories?post=111247"},{"taxonomy":"post_tag","embeddable":true,"href":"https:\/\/notinor.com\/jujuy\/wp-json\/wp\/v2\/tags?post=111247"}],"curies":[{"name":"wp","href":"https:\/\/api.w.org\/{rel}","templated":true}]}}