{"id":110827,"date":"2017-03-22T00:00:57","date_gmt":"2017-03-22T03:00:57","guid":{"rendered":"http:\/\/notinor.com\/jujuy\/?p=110827"},"modified":"2017-03-22T11:39:37","modified_gmt":"2017-03-22T14:39:37","slug":"se-realizo-examen-para-cubrir-cargos-en-el-pode-judicial","status":"publish","type":"post","link":"https:\/\/notinor.com\/jujuy\/se-realizo-examen-para-cubrir-cargos-en-el-pode-judicial\/","title":{"rendered":"Se realiz\u00f3 ex\u00e1men para cubrir cargos en el Poder Judicial"},"content":{"rendered":"<p><a href=\"http:\/\/notinor.com\/jujuy\/wp-content\/uploads\/2017\/03\/examen1.jpg\"><img decoding=\"async\" loading=\"lazy\" class=\"size-medium wp-image-110829 aligncenter\" src=\"http:\/\/notinor.com\/jujuy\/wp-content\/uploads\/2017\/03\/examen1-300x199.jpg\" alt=\"examen1\" width=\"300\" height=\"199\" srcset=\"https:\/\/notinor.com\/jujuy\/wp-content\/uploads\/2017\/03\/examen1-300x199.jpg 300w, https:\/\/notinor.com\/jujuy\/wp-content\/uploads\/2017\/03\/examen1.jpg 850w\" sizes=\"(max-width: 300px) 100vw, 300px\" \/><\/a><\/p>\n<p>Los postulantes para la C\u00e1mara de Apelaciones fueron entrevistados en la sede del Tribunal de Evaluaci\u00f3n en primera medida, para luego realizar el examen en la Legislatura.<\/p>\n<p>Pablo Baca, Juez del Superior Tribunal de la Provincia y representante de ese Poder en el Tribunal Evaluador coment\u00f3: \"ya se cubrieron diferentes vacantes del Poder Judicial. Algunos concursos todav\u00eda no est\u00e1n terminados y hay ternas que est\u00e1n siendo tramitadas en el Poder Ejecutivo. Todo esto forma parte del m\u00e9todo de selecci\u00f3n que fue aprobado por Ley a fines del 2015\".<\/p>\n","protected":false},"excerpt":{"rendered":"<p>Los postulantes para la C\u00e1mara de Apelaciones fueron entrevistados en la sede del Tribunal de Evaluaci\u00f3n en primera medida, para luego realizar el examen en la Legislatura. Pablo Baca, Juez del Superior Tribunal de la Provincia y representante de ese Poder en el Tribunal Evaluador coment\u00f3: \"ya se cubrieron diferentes vacantes del Poder Judicial. Algunos [&hellip;]<\/p>\n","protected":false},"author":5,"featured_media":110828,"comment_status":"open","ping_status":"open","sticky":false,"template":"","format":"standard","meta":{"_stopmodifiedupdate":false,"_modified_date":"","inline_featured_image":false,"spay_email":"","jetpack_publicize_message":""},"categories":[2],"tags":[],"jetpack_featured_media_url":"https:\/\/notinor.com\/jujuy\/wp-content\/uploads\/2017\/03\/examen2.jpg","jetpack_publicize_connections":[],"_links":{"self":[{"href":"https:\/\/notinor.com\/jujuy\/wp-json\/wp\/v2\/posts\/110827"}],"collection":[{"href":"https:\/\/notinor.com\/jujuy\/wp-json\/wp\/v2\/posts"}],"about":[{"href":"https:\/\/notinor.com\/jujuy\/wp-json\/wp\/v2\/types\/post"}],"author":[{"embeddable":true,"href":"https:\/\/notinor.com\/jujuy\/wp-json\/wp\/v2\/users\/5"}],"replies":[{"embeddable":true,"href":"https:\/\/notinor.com\/jujuy\/wp-json\/wp\/v2\/comments?post=110827"}],"version-history":[{"count":2,"href":"https:\/\/notinor.com\/jujuy\/wp-json\/wp\/v2\/posts\/110827\/revisions"}],"predecessor-version":[{"id":110858,"href":"https:\/\/notinor.com\/jujuy\/wp-json\/wp\/v2\/posts\/110827\/revisions\/110858"}],"wp:featuredmedia":[{"embeddable":true,"href":"https:\/\/notinor.com\/jujuy\/wp-json\/wp\/v2\/media\/110828"}],"wp:attachment":[{"href":"https:\/\/notinor.com\/jujuy\/wp-json\/wp\/v2\/media?parent=110827"}],"wp:term":[{"taxonomy":"category","embeddable":true,"href":"https:\/\/notinor.com\/jujuy\/wp-json\/wp\/v2\/categories?post=110827"},{"taxonomy":"post_tag","embeddable":true,"href":"https:\/\/notinor.com\/jujuy\/wp-json\/wp\/v2\/tags?post=110827"}],"curies":[{"name":"wp","href":"https:\/\/api.w.org\/{rel}","templated":true}]}}