{"id":110818,"date":"2017-03-22T00:00:50","date_gmt":"2017-03-22T03:00:50","guid":{"rendered":"http:\/\/notinor.com\/jujuy\/?p=110818"},"modified":"2017-03-22T09:21:44","modified_gmt":"2017-03-22T12:21:44","slug":"arte-puro-y-bello-21-de-marzo-dia-mundial-de-la-poesia","status":"publish","type":"post","link":"https:\/\/notinor.com\/jujuy\/arte-puro-y-bello-21-de-marzo-dia-mundial-de-la-poesia\/","title":{"rendered":"Arte puro y bello: 21 de Marzo  D\u00eda mundial de la Poes\u00eda"},"content":{"rendered":"<p><a href=\"http:\/\/notinor.com\/jujuy\/wp-content\/uploads\/2017\/03\/Dia-de-la-Poes\u00eda.jpeg\"><img decoding=\"async\" loading=\"lazy\" class=\"size-medium wp-image-110820 aligncenter\" src=\"http:\/\/notinor.com\/jujuy\/wp-content\/uploads\/2017\/03\/Dia-de-la-Poes\u00eda-300x197.jpeg\" alt=\"Dia de la Poes\u00eda\" width=\"300\" height=\"197\" srcset=\"https:\/\/notinor.com\/jujuy\/wp-content\/uploads\/2017\/03\/Dia-de-la-Poes\u00eda-300x197.jpeg 300w, https:\/\/notinor.com\/jujuy\/wp-content\/uploads\/2017\/03\/Dia-de-la-Poes\u00eda.jpeg 900w\" sizes=\"(max-width: 300px) 100vw, 300px\" \/><\/a><\/p>\n<p>La Unesco proclam\u00f3 el 21 de marzo como D\u00eda Mundial de la Poes\u00eda. Algunos de los fundamentos fueron la necesidad de reconocer y dar impulso a los movimientos po\u00e9ticos nacionales, regionales e internacionales, y promocionar la diversidad de las lenguas, con la idea de que la literatura es parte constitutiva de la subjetividad humana, de sus sentires, de su ser.<\/p>\n<p>A trav\u00e9s de la poes\u00eda fomentamos la comunicaci\u00f3n, el juego, lo cultural, lo social y la belleza que vemos d\u00eda a d\u00eda. La poes\u00eda constituye una de las formas m\u00e1s art\u00edsticas, puras y bellas del lenguaje y por ello apostamos a que la escuela deber\u00eda tener siempre presente su alto valor educativo.<\/p>\n<p>El municipio capitalino apuesta y celebra el\u00a0 valor de la poes\u00eda en la vida de cada ser humano y en el \u00e1mbito escolar. Saludando y felicitando a todos los poetas juje\u00f1os que con su arte pintan con palabras una obra que perdura en el tiempo y en el alma de quien la lee.<\/p>\n","protected":false},"excerpt":{"rendered":"<p>La Unesco proclam\u00f3 el 21 de marzo como D\u00eda Mundial de la Poes\u00eda. Algunos de los fundamentos fueron la necesidad de reconocer y dar impulso a los movimientos po\u00e9ticos nacionales, regionales e internacionales, y promocionar la diversidad de las lenguas, con la idea de que la literatura es parte constitutiva de la subjetividad humana, de [&hellip;]<\/p>\n","protected":false},"author":5,"featured_media":110820,"comment_status":"open","ping_status":"open","sticky":false,"template":"","format":"standard","meta":{"_stopmodifiedupdate":false,"_modified_date":"","inline_featured_image":false,"spay_email":"","jetpack_publicize_message":""},"categories":[490],"tags":[],"jetpack_featured_media_url":"https:\/\/notinor.com\/jujuy\/wp-content\/uploads\/2017\/03\/Dia-de-la-Poes\u00eda.jpeg","jetpack_publicize_connections":[],"_links":{"self":[{"href":"https:\/\/notinor.com\/jujuy\/wp-json\/wp\/v2\/posts\/110818"}],"collection":[{"href":"https:\/\/notinor.com\/jujuy\/wp-json\/wp\/v2\/posts"}],"about":[{"href":"https:\/\/notinor.com\/jujuy\/wp-json\/wp\/v2\/types\/post"}],"author":[{"embeddable":true,"href":"https:\/\/notinor.com\/jujuy\/wp-json\/wp\/v2\/users\/5"}],"replies":[{"embeddable":true,"href":"https:\/\/notinor.com\/jujuy\/wp-json\/wp\/v2\/comments?post=110818"}],"version-history":[{"count":2,"href":"https:\/\/notinor.com\/jujuy\/wp-json\/wp\/v2\/posts\/110818\/revisions"}],"predecessor-version":[{"id":110821,"href":"https:\/\/notinor.com\/jujuy\/wp-json\/wp\/v2\/posts\/110818\/revisions\/110821"}],"wp:featuredmedia":[{"embeddable":true,"href":"https:\/\/notinor.com\/jujuy\/wp-json\/wp\/v2\/media\/110820"}],"wp:attachment":[{"href":"https:\/\/notinor.com\/jujuy\/wp-json\/wp\/v2\/media?parent=110818"}],"wp:term":[{"taxonomy":"category","embeddable":true,"href":"https:\/\/notinor.com\/jujuy\/wp-json\/wp\/v2\/categories?post=110818"},{"taxonomy":"post_tag","embeddable":true,"href":"https:\/\/notinor.com\/jujuy\/wp-json\/wp\/v2\/tags?post=110818"}],"curies":[{"name":"wp","href":"https:\/\/api.w.org\/{rel}","templated":true}]}}