{"id":110787,"date":"2017-03-22T00:00:58","date_gmt":"2017-03-22T03:00:58","guid":{"rendered":"http:\/\/notinor.com\/jujuy\/?p=110787"},"modified":"2017-03-22T02:09:10","modified_gmt":"2017-03-22T05:09:10","slug":"se-realizo-la-presentacion-oficial-de-la-empresa-de-gestion-integral-de-residuos-solidos-urbanos","status":"publish","type":"post","link":"https:\/\/notinor.com\/jujuy\/se-realizo-la-presentacion-oficial-de-la-empresa-de-gestion-integral-de-residuos-solidos-urbanos\/","title":{"rendered":"Presentaci\u00f3n oficial de la empresa de Gesti\u00f3n Integral de Residuos S\u00f3lidos Urbanos"},"content":{"rendered":"<p>El Gobernador Gerardo Morales y la Ministra de Ambiente, Mar\u00eda In\u00e9s Zigar\u00e1n, encabezaron la presentaci\u00f3n oficial de la empresa GIRSU Sociedad del Estado.<\/p>\n<p><a href=\"http:\/\/notinor.com\/jujuy\/wp-content\/uploads\/2017\/03\/morales-jujuy-verde.jpg\"><img decoding=\"async\" loading=\"lazy\" class=\"alignnone size-full wp-image-110788\" src=\"http:\/\/notinor.com\/jujuy\/wp-content\/uploads\/2017\/03\/morales-jujuy-verde.jpg\" alt=\"morales jujuy verde\" width=\"1024\" height=\"548\" srcset=\"https:\/\/notinor.com\/jujuy\/wp-content\/uploads\/2017\/03\/morales-jujuy-verde.jpg 1024w, https:\/\/notinor.com\/jujuy\/wp-content\/uploads\/2017\/03\/morales-jujuy-verde-300x161.jpg 300w\" sizes=\"(max-width: 1024px) 100vw, 1024px\" \/><\/a><\/p>\n<p>En este escenario, se abordaron los alcances del Consejo, creado la ley N\u00b0 5954\/2016 de Gesti\u00f3n Integral de Residuos S\u00f3lidos Urbanos y se anunci\u00f3 el plan de trabajo 2017 para terminar con el problema de la basura en Jujuy.<\/p>\n<p>En la oportunidad, Morales expres\u00f3 que el objetivo del Consejo Provincial Ambiental es trabajar en equipo mediante un borrador donde se evalu\u00e9 el rol de cada municipio junto al equipo t\u00e9cnico del Ministerio de Ambiente.<\/p>\n<p>\u201cEste a\u00f1o tenemos priorizado el cr\u00e9dito tanto de Jefatura de Gabinete como del Banco Europeo de Inversiones que vendr\u00e1n \u00a0a Jujuy este jueves y esperamos la participaci\u00f3n de todos los miembros del Consejo\u201d, indic\u00f3.<\/p>\n<p>Se\u00f1al\u00f3 que dicho cr\u00e9dito ser\u00e1 depositado en euros con una conveniente tasa de inter\u00e9s dif\u00edcil de conseguir, pero que Jujuy pudo lograr con mucho esfuerzo. Tambi\u00e9n destac\u00f3 que dentro de 60 d\u00edas se espera concretar el proceso licitatorio del proyecto.<\/p>\n<p>El primer mandatario sostuvo que \u201ctenemos que definir tiempo y procesos, completar los papeles que solicita el Banco Europeo para avanzar\u201d.<\/p>\n<p>Morales afirm\u00f3 que mediante el plan de trabajo que contempla una campa\u00f1a cultural sobre el tratamiento de residuos se podr\u00e1 avanzar con el cobro en la boleta de luz y as\u00ed demostrar el cambio cualitativo en la prestaci\u00f3n del servicio.<\/p>\n<p>Finalmente, el gobernador destac\u00f3 que \u201ctenemos que trabajar desde el Consejo, hay propuestas con relaci\u00f3n a todas las etapas y cada intendente aportar\u00e1 ideas as\u00ed podremos empezar en abril a trabajar\u201d.<\/p>\n<p>Por su parte, la ministra Zigar\u00e1n precis\u00f3 que \u201ceste primer inicio que es largo pero que ser\u00e1 auspicioso ayudar\u00e1 a enfrentar el problema de los municipios donde ahora junto al estado contar\u00e1n con el apoyo econ\u00f3mico. Este es el primer paso que vino a saldar la deuda de la provincia que no ten\u00eda una ley sobre el tratamiento de residuos\u201d.<\/p>\n<p>Agreg\u00f3 que el proyecto contempla el tratamiento de basurales a cielo abierto, proveer a los municipios herramientas de puntos verdes; informaci\u00f3n de las tasas y su implementaci\u00f3n; educaci\u00f3n ambiental y otros temas que se abordar\u00e1n en el Consejo Provincial Ambiental.<\/p>\n<p>Cabe resaltar, que la Ley N\u00ba 5954 es el resultado de dialogo con intendentes y comisionados municipales iniciado en enero de 2016 junto al gobernador Gerardo Morales. Dicha dispositivo se inscribe dentro de la pol\u00edtica Jujuy Verde Carbono Neutral 2030 y del Paradigma Pachamama.<\/p>\n<p>En su proceso tuvo un profundo an\u00e1lisis con gobiernos locales, sindicatos, ONG, recuperadores informales, legisladores y concejales. Ya han adherido 41 gobiernos locales a trav\u00e9s de ordenanzas y solo dos a trav\u00e9s de decretos.<\/p>\n<p>Los municipios como jurisdicciones comunales que adhirieron a la ley GIRSU son: Abra Pampa; Caimancito; Calilegua; El Carmen; El Talar; La Esperanza; La Mendieta; Humahuaca; Palpal\u00e1; San Salvador de Jujuy; San Pedro; Libertador Gral. San Martin; Palma Sola; Perico; Tilcara; Yuto; Santa Clara; La Quiaca; Abralaite; Coranzuli; Cusi Cusi; El Fuerte; Huacalera; El Piquete; Maimara; Pampa Blanca; Pampichuela; Puesto Del M\u00e1rquez; Purmamarca; Puesto Viejo; Rosario de Rio Grande; Santa Catalina; San Antonio; San Francisco; Santa Ana; Susques; Tumbaya; Vinalito; Volc\u00e1n; Yala; Fraile Pintado; Aguas Calientes y Monterrico.<\/p>\n","protected":false},"excerpt":{"rendered":"<p>El Gobernador Gerardo Morales y la Ministra de Ambiente, Mar\u00eda In\u00e9s Zigar\u00e1n, encabezaron la presentaci\u00f3n oficial de la empresa GIRSU Sociedad del Estado. En este escenario, se abordaron los alcances del Consejo, creado la ley N\u00b0 5954\/2016 de Gesti\u00f3n Integral de Residuos S\u00f3lidos Urbanos y se anunci\u00f3 el plan de trabajo 2017 para terminar con [&hellip;]<\/p>\n","protected":false},"author":1,"featured_media":110788,"comment_status":"open","ping_status":"open","sticky":false,"template":"","format":"standard","meta":{"_stopmodifiedupdate":false,"_modified_date":"","inline_featured_image":false,"spay_email":"","jetpack_publicize_message":""},"categories":[2,485],"tags":[],"jetpack_featured_media_url":"https:\/\/notinor.com\/jujuy\/wp-content\/uploads\/2017\/03\/morales-jujuy-verde.jpg","jetpack_publicize_connections":[],"_links":{"self":[{"href":"https:\/\/notinor.com\/jujuy\/wp-json\/wp\/v2\/posts\/110787"}],"collection":[{"href":"https:\/\/notinor.com\/jujuy\/wp-json\/wp\/v2\/posts"}],"about":[{"href":"https:\/\/notinor.com\/jujuy\/wp-json\/wp\/v2\/types\/post"}],"author":[{"embeddable":true,"href":"https:\/\/notinor.com\/jujuy\/wp-json\/wp\/v2\/users\/1"}],"replies":[{"embeddable":true,"href":"https:\/\/notinor.com\/jujuy\/wp-json\/wp\/v2\/comments?post=110787"}],"version-history":[{"count":4,"href":"https:\/\/notinor.com\/jujuy\/wp-json\/wp\/v2\/posts\/110787\/revisions"}],"predecessor-version":[{"id":110806,"href":"https:\/\/notinor.com\/jujuy\/wp-json\/wp\/v2\/posts\/110787\/revisions\/110806"}],"wp:featuredmedia":[{"embeddable":true,"href":"https:\/\/notinor.com\/jujuy\/wp-json\/wp\/v2\/media\/110788"}],"wp:attachment":[{"href":"https:\/\/notinor.com\/jujuy\/wp-json\/wp\/v2\/media?parent=110787"}],"wp:term":[{"taxonomy":"category","embeddable":true,"href":"https:\/\/notinor.com\/jujuy\/wp-json\/wp\/v2\/categories?post=110787"},{"taxonomy":"post_tag","embeddable":true,"href":"https:\/\/notinor.com\/jujuy\/wp-json\/wp\/v2\/tags?post=110787"}],"curies":[{"name":"wp","href":"https:\/\/api.w.org\/{rel}","templated":true}]}}