{"id":110784,"date":"2017-03-22T00:05:41","date_gmt":"2017-03-22T03:05:41","guid":{"rendered":"http:\/\/notinor.com\/jujuy\/?p=110784"},"modified":"2017-03-22T02:11:06","modified_gmt":"2017-03-22T05:11:06","slug":"schmid-aseguro-que-el-paro-del-6-de-abril-es-irreversible","status":"publish","type":"post","link":"https:\/\/notinor.com\/jujuy\/schmid-aseguro-que-el-paro-del-6-de-abril-es-irreversible\/","title":{"rendered":"Schmid asegur\u00f3 que el paro del 6 de abril es \"irreversible\""},"content":{"rendered":"<p><a href=\"http:\/\/notinor.com\/jujuy\/wp-content\/uploads\/2017\/01\/schmidt-cgt.jpg\"><img decoding=\"async\" loading=\"lazy\" class=\"alignnone size-full wp-image-103284\" src=\"http:\/\/notinor.com\/jujuy\/wp-content\/uploads\/2017\/01\/schmidt-cgt.jpg\" alt=\"schmidt-cgt\" width=\"660\" height=\"360\" srcset=\"https:\/\/notinor.com\/jujuy\/wp-content\/uploads\/2017\/01\/schmidt-cgt.jpg 660w, https:\/\/notinor.com\/jujuy\/wp-content\/uploads\/2017\/01\/schmidt-cgt-300x164.jpg 300w\" sizes=\"(max-width: 660px) 100vw, 660px\" \/><\/a><\/p>\n<p>El secretario general de la CGT Juan Carlos Schmid resalt\u00f3 este lunes que la convocatoria al paro general para el 6 de abril es \"irreversible\" y le pidi\u00f3 al Gobierno que instrumente medida para \"ponerle m\u00e1s dinero al bolsillo de la gente\".<br \/>\n\"Me parece que tiene caracter\u00edsticas de irreversible, habida cuenta de las declaraciones y posturas que est\u00e1 anunciando el Gobierno. El Gobierno ha gastado un 30 por ciento de su mandato y gran parte de los anuncios y las iniciativas que hab\u00eda tomado no se han concretado\", sostuvo el referente sindical.<br \/>\nEn di\u00e1logo con Radio La Red, el l\u00edder de la Confederaci\u00f3n Argentina de Trabajadores del Transporte (CATT) consider\u00f3 que \"tiene que haber otra actitud en cuanto al tema del consumo\" por parte del Gobierno y manifest\u00f3 que \"b\u00e1sicamente, hay que ponerle m\u00e1s dinero al bolsillo de la gente\".<br \/>\n\"Eso es lo que tiene que hacer el Gobierno. Tiene que instrumentar una medida que implique que la gente reciba m\u00e1s dinero en el bolsillo\", indic\u00f3.<br \/>\nConsultado sobre c\u00f3mo se podr\u00eda hacer eso, el secretario general del Sindicato de Dragado y Balizamiento explic\u00f3 que se puede aumentar el poder adquisitivo de los trabajadores \"v\u00eda paritarias, abandonando esta fantas\u00eda de que el proceso inflacionario va a terminar dentro de determinada pauta, as\u00ed como tambi\u00e9n a trav\u00e9s de un aumento general de las jubilaciones\".<\/p>\n","protected":false},"excerpt":{"rendered":"<p>El secretario general de la CGT Juan Carlos Schmid resalt\u00f3 este lunes que la convocatoria al paro general para el 6 de abril es \"irreversible\" y le pidi\u00f3 al Gobierno que instrumente medida para \"ponerle m\u00e1s dinero al bolsillo de la gente\". \"Me parece que tiene caracter\u00edsticas de irreversible, habida cuenta de las declaraciones y [&hellip;]<\/p>\n","protected":false},"author":1,"featured_media":103284,"comment_status":"open","ping_status":"open","sticky":false,"template":"","format":"standard","meta":{"_stopmodifiedupdate":false,"_modified_date":"","inline_featured_image":false,"spay_email":"","jetpack_publicize_message":""},"categories":[5],"tags":[],"jetpack_featured_media_url":"https:\/\/notinor.com\/jujuy\/wp-content\/uploads\/2017\/01\/schmidt-cgt.jpg","jetpack_publicize_connections":[],"_links":{"self":[{"href":"https:\/\/notinor.com\/jujuy\/wp-json\/wp\/v2\/posts\/110784"}],"collection":[{"href":"https:\/\/notinor.com\/jujuy\/wp-json\/wp\/v2\/posts"}],"about":[{"href":"https:\/\/notinor.com\/jujuy\/wp-json\/wp\/v2\/types\/post"}],"author":[{"embeddable":true,"href":"https:\/\/notinor.com\/jujuy\/wp-json\/wp\/v2\/users\/1"}],"replies":[{"embeddable":true,"href":"https:\/\/notinor.com\/jujuy\/wp-json\/wp\/v2\/comments?post=110784"}],"version-history":[{"count":2,"href":"https:\/\/notinor.com\/jujuy\/wp-json\/wp\/v2\/posts\/110784\/revisions"}],"predecessor-version":[{"id":110786,"href":"https:\/\/notinor.com\/jujuy\/wp-json\/wp\/v2\/posts\/110784\/revisions\/110786"}],"wp:featuredmedia":[{"embeddable":true,"href":"https:\/\/notinor.com\/jujuy\/wp-json\/wp\/v2\/media\/103284"}],"wp:attachment":[{"href":"https:\/\/notinor.com\/jujuy\/wp-json\/wp\/v2\/media?parent=110784"}],"wp:term":[{"taxonomy":"category","embeddable":true,"href":"https:\/\/notinor.com\/jujuy\/wp-json\/wp\/v2\/categories?post=110784"},{"taxonomy":"post_tag","embeddable":true,"href":"https:\/\/notinor.com\/jujuy\/wp-json\/wp\/v2\/tags?post=110784"}],"curies":[{"name":"wp","href":"https:\/\/api.w.org\/{rel}","templated":true}]}}