{"id":110779,"date":"2017-03-22T00:00:44","date_gmt":"2017-03-22T03:00:44","guid":{"rendered":"http:\/\/notinor.com\/jujuy\/?p=110779"},"modified":"2017-03-21T21:25:09","modified_gmt":"2017-03-22T00:25:09","slug":"macri-envia-al-congreso-el-plan-maestr-para-fijar-metas-educativas","status":"publish","type":"post","link":"https:\/\/notinor.com\/jujuy\/macri-envia-al-congreso-el-plan-maestr-para-fijar-metas-educativas\/","title":{"rendered":"Macri env\u00eda al Congreso el \"Plan Maestr@\" para fijar metas educativas"},"content":{"rendered":"<p><a href=\"http:\/\/notinor.com\/jujuy\/wp-content\/uploads\/2017\/03\/macri-plan-maestro.jpg\"><img decoding=\"async\" loading=\"lazy\" class=\"alignnone size-full wp-image-110780\" src=\"http:\/\/notinor.com\/jujuy\/wp-content\/uploads\/2017\/03\/macri-plan-maestro.jpg\" alt=\"macri plan maestro\" width=\"770\" height=\"471\" srcset=\"https:\/\/notinor.com\/jujuy\/wp-content\/uploads\/2017\/03\/macri-plan-maestro.jpg 770w, https:\/\/notinor.com\/jujuy\/wp-content\/uploads\/2017\/03\/macri-plan-maestro-300x184.jpg 300w, https:\/\/notinor.com\/jujuy\/wp-content\/uploads\/2017\/03\/macri-plan-maestro-408x250.jpg 408w\" sizes=\"(max-width: 770px) 100vw, 770px\" \/><\/a><\/p>\n<p>En el marco de la presentaci\u00f3n de la evaluaci\u00f3n Aprender en Olivos, el presidente Mauricio Macri anunci\u00f3 que enviar\u00e1 al Congreso el \u201cPlan Maestr@\u201d, con \"metas espec\u00edficas\"\u00a0 basado en el acuerdo de Purmamarca suscripto en febrero del a\u00f1o pasado por los gobernadores que, entre otros puntos, estableci\u00f3 avanzar con la obligatoriedad del nivel inicial a partir de los tres a\u00f1os de edad.<\/p>\n<p>El acuerdo que firmaron todos los mandatarios en la provincia de Jujuy tambi\u00e9n fij\u00f3 la meta de incorporar progresivamente la jornada extendida a trav\u00e9s de actividades escolares, art\u00edsticas y deportivas.<br \/>\nAsimismo se crear\u00e1 el Instituto de Evaluaci\u00f3n de la Calidad y Equidad Educativa para promover los procesos de evaluaci\u00f3n a nivel nacional y obtener datos precisos que permitan mejorar el aprendizaje de los estudiantes. En el marco de esa presentaci\u00f3n, Macri record\u00f3 que en Purmamarca se propusieron metas \u201cque nos comprometen claramente en resolverlas, metas que nos alejen de los atajos, mentiras\u201d con la proyecci\u00f3n de hacer \u201cuna gesta nacional\u201d, en materia educativa.<\/p>\n<p>Lograr que todas las escuelas tengan jornada extendida al 2026, disminuir en un 70% en diez a\u00f1os el abandono escolar en el secundario y conectar a Internet a todas las escuelas del pa\u00eds en cinco a\u00f1os, son las principales metas que el gobierno nacional se fijo a trav\u00e9s del Plan Maestro, un proyecto de ley que el Ejecutivo enviar\u00e1 al Congreso para mejorar la calidad educativa tras los magros resultados de la evaluaci\u00f3n Aprender.<br \/>\nLos objetivos generales del \"Plan Maestr@\" llevan como premisas generar consensos en la sociedad de que la educaci\u00f3n constituya una herramienta indispensable para el progreso personal y social del pa\u00eds.<br \/>\nTrabajar\u00e1 en fomentar el ingreso, la permanencia y el egreso de todos los habitantes con los conocimientos fundamentales para las exigencias acad\u00e9micas que plantea el Siglo XXI.<br \/>\nDel mismo modo, apunta a potenciar el valor social y cultural de la docencia, los procesos de innovaci\u00f3n escolar y el desarrollo de sistemas de informaci\u00f3n socioeducativa.<br \/>\nVincular la escuela con la educaci\u00f3n superior y los diferentes \u00e1mbitos de la vida cotidiana es otro de los puntos que destaca el proyecto, as\u00ed como darles a los estudiantes un desarrollo en condiciones de igualdad.<\/p>\n","protected":false},"excerpt":{"rendered":"<p>En el marco de la presentaci\u00f3n de la evaluaci\u00f3n Aprender en Olivos, el presidente Mauricio Macri anunci\u00f3 que enviar\u00e1 al Congreso el \u201cPlan Maestr@\u201d, con \"metas espec\u00edficas\"\u00a0 basado en el acuerdo de Purmamarca suscripto en febrero del a\u00f1o pasado por los gobernadores que, entre otros puntos, estableci\u00f3 avanzar con la obligatoriedad del nivel inicial a [&hellip;]<\/p>\n","protected":false},"author":1,"featured_media":110780,"comment_status":"open","ping_status":"open","sticky":false,"template":"","format":"standard","meta":{"_stopmodifiedupdate":false,"_modified_date":"","inline_featured_image":false,"spay_email":"","jetpack_publicize_message":""},"categories":[5],"tags":[],"jetpack_featured_media_url":"https:\/\/notinor.com\/jujuy\/wp-content\/uploads\/2017\/03\/macri-plan-maestro.jpg","jetpack_publicize_connections":[],"_links":{"self":[{"href":"https:\/\/notinor.com\/jujuy\/wp-json\/wp\/v2\/posts\/110779"}],"collection":[{"href":"https:\/\/notinor.com\/jujuy\/wp-json\/wp\/v2\/posts"}],"about":[{"href":"https:\/\/notinor.com\/jujuy\/wp-json\/wp\/v2\/types\/post"}],"author":[{"embeddable":true,"href":"https:\/\/notinor.com\/jujuy\/wp-json\/wp\/v2\/users\/1"}],"replies":[{"embeddable":true,"href":"https:\/\/notinor.com\/jujuy\/wp-json\/wp\/v2\/comments?post=110779"}],"version-history":[{"count":1,"href":"https:\/\/notinor.com\/jujuy\/wp-json\/wp\/v2\/posts\/110779\/revisions"}],"predecessor-version":[{"id":110781,"href":"https:\/\/notinor.com\/jujuy\/wp-json\/wp\/v2\/posts\/110779\/revisions\/110781"}],"wp:featuredmedia":[{"embeddable":true,"href":"https:\/\/notinor.com\/jujuy\/wp-json\/wp\/v2\/media\/110780"}],"wp:attachment":[{"href":"https:\/\/notinor.com\/jujuy\/wp-json\/wp\/v2\/media?parent=110779"}],"wp:term":[{"taxonomy":"category","embeddable":true,"href":"https:\/\/notinor.com\/jujuy\/wp-json\/wp\/v2\/categories?post=110779"},{"taxonomy":"post_tag","embeddable":true,"href":"https:\/\/notinor.com\/jujuy\/wp-json\/wp\/v2\/tags?post=110779"}],"curies":[{"name":"wp","href":"https:\/\/api.w.org\/{rel}","templated":true}]}}