{"id":110754,"date":"2017-03-22T00:00:38","date_gmt":"2017-03-22T03:00:38","guid":{"rendered":"http:\/\/notinor.com\/jujuy\/?p=110754"},"modified":"2017-03-24T01:25:35","modified_gmt":"2017-03-24T04:25:35","slug":"como-sigue-el-proceso-de-reordenamiento-del-espacio-publico-en-la-ciudad","status":"publish","type":"post","link":"https:\/\/notinor.com\/jujuy\/como-sigue-el-proceso-de-reordenamiento-del-espacio-publico-en-la-ciudad\/","title":{"rendered":"\u00bfComo sigue el proceso de reordenamiento del espacio publico en la ciudad?"},"content":{"rendered":"<p><a href=\"http:\/\/notinor.com\/jujuy\/wp-content\/uploads\/2017\/01\/millon-municipalidad.jpg\"><img decoding=\"async\" loading=\"lazy\" class=\"alignnone size-full wp-image-105395\" src=\"http:\/\/notinor.com\/jujuy\/wp-content\/uploads\/2017\/01\/millon-municipalidad.jpg\" alt=\"millon municipalidad\" width=\"1000\" height=\"562\" srcset=\"https:\/\/notinor.com\/jujuy\/wp-content\/uploads\/2017\/01\/millon-municipalidad.jpg 1000w, https:\/\/notinor.com\/jujuy\/wp-content\/uploads\/2017\/01\/millon-municipalidad-300x169.jpg 300w, https:\/\/notinor.com\/jujuy\/wp-content\/uploads\/2017\/01\/millon-municipalidad-199x112.jpg 199w, https:\/\/notinor.com\/jujuy\/wp-content\/uploads\/2017\/01\/millon-municipalidad-616x345.jpg 616w\" sizes=\"(max-width: 1000px) 100vw, 1000px\" \/><\/a><\/p>\n<p>El Secretario de Gobierno de la Municipalidad de San Salvador de Jujuy, Gast\u00f3n Mill\u00f3n, fue el principal art\u00edfice de esta gesti\u00f3n y logro llevar a cabo este logro a trav\u00e9s del di\u00e1logo con todos los sectores involucrados.<\/p>\n<p>En di\u00e1logo con <strong>NOTINOR.COM<\/strong>, afirm\u00f3 que la oferta original para todos los feriantes que fueron reubicados se mantiene ya que el municipio le otorga el permiso y la habilitaci\u00f3n sin cargo durante seis meses y \u201caquellos que no tengan dinero para ingresar a un local comercial tienen la puerta abierta a todas las ferias de la ciudad y el municipio los va a ayudar pag\u00e1ndoles la estadia durante seis meses, todas las ferias cobran un alquiler\u201d.<\/p>\n<p>El funcionario destac\u00f3 que\u00a0 todos los que no est\u00e1n conforme con ninguna opci\u00f3n tienen que ver si est\u00e1n dentro de lo que marca la ordenanza municipal que no permite la venta de ropa y si realizan otra actividad que esta contemplada y cumplen con los requisito como tener residencia desde hace cinco a\u00f1os y es su modo de ganarse la vida a traves de un estudio socio ambiental. En este caso se hace una excepci\u00f3n porque la v\u00eda publica est\u00e1n para que los ciudadanos circulen y no para vender ah\u00ed, tienen que ser\u00a0 tambien una actividad cultural propia como venta de especias y de comidas regionales.<\/p>\n<p>\u201cDuele escuchar las declaraciones de los grupos que por ejemplo cortaron el puente Lavalle mintiendo a la gente y diciendo que vamos a sacar a todos los feriantes porque no es asi, solamente se va a ordenar la venta porque no se puede por ejemplo vender choripan a las 8 de la ma\u00f1ana y hay que poner horarios y zonas permitidas\u201d.<\/p>\n<p>En relaci\u00f3n a los vendedores de la peatonal el funcionario inform\u00f3 que hay zonas en la que no se permite determinadas actividades \u201cel casco hist\u00f3rico de la ciudad no se permite venta ambulante\u00a0 excepto a aquellos vendedores de hace a\u00f1os que tienen un derecho adquirido porque sacaron su permiso hace mucho\u201d.\u00a0 Millon destac\u00f3 que hasta las 23 horas hay inspectores del municipio que trabajan para evitar la venta ambulante y que hay muchos barrios que tienen ferias de abastecimiento para mejorar el acceso de los vecinos a determinados productos como la feria de productores rurales en Barrio Kenedy. \u201cqueremos potenciar las ferias porque sabemos que hay problemas para encontrar trabajo y debe ser con finalidad social, por lo tanto queremos formalizar la tarea de los feriantes\u201d.<\/p>\n","protected":false},"excerpt":{"rendered":"<p>El Secretario de Gobierno de la Municipalidad de San Salvador de Jujuy, Gast\u00f3n Mill\u00f3n, fue el principal art\u00edfice de esta gesti\u00f3n y logro llevar a cabo este logro a trav\u00e9s del di\u00e1logo con todos los sectores involucrados. En di\u00e1logo con NOTINOR.COM, afirm\u00f3 que la oferta original para todos los feriantes que fueron reubicados se mantiene [&hellip;]<\/p>\n","protected":false},"author":1,"featured_media":111061,"comment_status":"open","ping_status":"open","sticky":false,"template":"","format":"standard","meta":{"_stopmodifiedupdate":false,"_modified_date":"","inline_featured_image":false},"categories":[493],"tags":[],"jetpack_featured_media_url":"https:\/\/notinor.com\/jujuy\/wp-content\/uploads\/2017\/03\/calle-santiago-del-estero-11.jpg","_links":{"self":[{"href":"https:\/\/notinor.com\/jujuy\/wp-json\/wp\/v2\/posts\/110754"}],"collection":[{"href":"https:\/\/notinor.com\/jujuy\/wp-json\/wp\/v2\/posts"}],"about":[{"href":"https:\/\/notinor.com\/jujuy\/wp-json\/wp\/v2\/types\/post"}],"author":[{"embeddable":true,"href":"https:\/\/notinor.com\/jujuy\/wp-json\/wp\/v2\/users\/1"}],"replies":[{"embeddable":true,"href":"https:\/\/notinor.com\/jujuy\/wp-json\/wp\/v2\/comments?post=110754"}],"version-history":[{"count":3,"href":"https:\/\/notinor.com\/jujuy\/wp-json\/wp\/v2\/posts\/110754\/revisions"}],"predecessor-version":[{"id":110757,"href":"https:\/\/notinor.com\/jujuy\/wp-json\/wp\/v2\/posts\/110754\/revisions\/110757"}],"wp:featuredmedia":[{"embeddable":true,"href":"https:\/\/notinor.com\/jujuy\/wp-json\/wp\/v2\/media\/111061"}],"wp:attachment":[{"href":"https:\/\/notinor.com\/jujuy\/wp-json\/wp\/v2\/media?parent=110754"}],"wp:term":[{"taxonomy":"category","embeddable":true,"href":"https:\/\/notinor.com\/jujuy\/wp-json\/wp\/v2\/categories?post=110754"},{"taxonomy":"post_tag","embeddable":true,"href":"https:\/\/notinor.com\/jujuy\/wp-json\/wp\/v2\/tags?post=110754"}],"curies":[{"name":"wp","href":"https:\/\/api.w.org\/{rel}","templated":true}]}}