{"id":110169,"date":"2017-03-16T00:00:06","date_gmt":"2017-03-16T03:00:06","guid":{"rendered":"http:\/\/notinor.com\/jujuy\/?p=110169"},"modified":"2017-03-16T09:47:36","modified_gmt":"2017-03-16T12:47:36","slug":"violencia-de-genero-en-las-escuelas-un-abordaje-desde-la-educacion","status":"publish","type":"post","link":"https:\/\/notinor.com\/jujuy\/violencia-de-genero-en-las-escuelas-un-abordaje-desde-la-educacion\/","title":{"rendered":"Violencia de G\u00e9nero en las Escuelas: Un abordaje desde la educaci\u00f3n"},"content":{"rendered":"<p><a href=\"http:\/\/notinor.com\/jujuy\/wp-content\/uploads\/2017\/03\/PRESENTACION-LIBRO-1.jpg\"><img decoding=\"async\" loading=\"lazy\" class=\"size-medium wp-image-110173 aligncenter\" src=\"http:\/\/notinor.com\/jujuy\/wp-content\/uploads\/2017\/03\/PRESENTACION-LIBRO-1-300x199.jpg\" alt=\"PRESENTACION LIBRO 1\" width=\"300\" height=\"199\" srcset=\"https:\/\/notinor.com\/jujuy\/wp-content\/uploads\/2017\/03\/PRESENTACION-LIBRO-1-300x199.jpg 300w, https:\/\/notinor.com\/jujuy\/wp-content\/uploads\/2017\/03\/PRESENTACION-LIBRO-1.jpg 850w\" sizes=\"(max-width: 300px) 100vw, 300px\" \/><\/a><\/p>\n<p>La ceremonia de presentaci\u00f3n de la publicaci\u00f3n municipal, se llev\u00f3 adelante en el Centro Cultural \"Dr. H\u00e9ctor Tiz\u00f3n\", fue presidida por la Secretaria de Desarrollo Humano, profesora Amalia Sinfuente,\u00a0 la Secretaria provincial de Paridad de G\u00e9nero Soledad Sapag y la Directora de Desarrollo Humano, Rosina Pe\u00f1a Garrido y cont\u00f3 con la presencia de funcionarios municipales y p\u00fablico interesado en la tem\u00e1tica.<\/p>\n<p>\"Hace siete a ocho a\u00f1os que empezamos el libro con las experiencias recogidas en espacios educativos municipales. Hoy este proceso dio sus frutos con la tem\u00e1tica de \"Violencia de G\u00e9nero en las Escuelas\". Teniendo en cuenta la educaci\u00f3n \"no sexista\", los datos son relevantes y escalofriantes al reflejar que se transformaron en los mayores casos de bullyng dentro de las unidades educativas referido a que no se respetan los derechos del otro y necesitamos capacitar m\u00e1s a los docentes sobre esta tem\u00e1tica\", remarc\u00f3 la secretaria Sinfuente .<\/p>\n<p>Sobre la implementaci\u00f3n de este material, la secretaria manifest\u00f3 que ser\u00e1 de sumo provecho para docentes de aula, ya que muchas veces es dif\u00edcil de detectar situaciones adversas, y este servir\u00e1 para poder hacer visible lo que no se puede ver, ya que en algunos casos se lo toma como una constante de los ni\u00f1os y j\u00f3venes. Acompa\u00f1ado a esto, Sinfuente remarc\u00f3 la importancia de capacitar a los docentes para la realizaci\u00f3n de talleres dentro de las aulas sociabilizando la tem\u00e1tica y educando a los m\u00e1s vulnerados.<\/p>\n<p>Por su parte Soledad Sapag, Secretaria de Paridad de G\u00e9nero de la Provincia enfatiz\u00f3, \"estamos acompa\u00f1ando al lanzamiento de este libro ya que es fundamental que todas las instituciones que trabajamos en esta tem\u00e1tica podamos tomar acciones concretas y concisas que puedan ser utilizadas por cualquier persona que est\u00e1 frente a las aulas tanto maestras como maestros, profesoras y profesores\".<\/p>\n<p>\"Principalmente, si no podemos llevar a los ni\u00f1os y ni\u00f1as educ\u00e1ndoles de una manera distinta en igualdad e igualdad de trato y principalmente con la \"no violencia contra las mujeres\", vamos a tener en 30 a\u00f1os los mismos casos que ahora. Por eso es fundamental que podamos abordar entre municipio como provincia esta problem\u00e1tica desde los m\u00e1s peque\u00f1os sin ir marcando estos estereotipos, condicionando tambi\u00e9n el desarrollo de nuestra vida y como debemos ser las mujeres y los varones que respeten el derecho del otro sin tomarse como objetos\", concluy\u00f3.-<\/p>\n<p>&nbsp;<\/p>\n<p>&nbsp;<\/p>\n","protected":false},"excerpt":{"rendered":"<p>La ceremonia de presentaci\u00f3n de la publicaci\u00f3n municipal, se llev\u00f3 adelante en el Centro Cultural \"Dr. H\u00e9ctor Tiz\u00f3n\", fue presidida por la Secretaria de Desarrollo Humano, profesora Amalia Sinfuente,\u00a0 la Secretaria provincial de Paridad de G\u00e9nero Soledad Sapag y la Directora de Desarrollo Humano, Rosina Pe\u00f1a Garrido y cont\u00f3 con la presencia de funcionarios municipales [&hellip;]<\/p>\n","protected":false},"author":5,"featured_media":110172,"comment_status":"open","ping_status":"open","sticky":false,"template":"","format":"standard","meta":{"_stopmodifiedupdate":false,"_modified_date":"","inline_featured_image":false,"spay_email":"","jetpack_publicize_message":""},"categories":[490],"tags":[],"jetpack_featured_media_url":"https:\/\/notinor.com\/jujuy\/wp-content\/uploads\/2017\/03\/PRESENTACION-LIBRO.jpg","jetpack_publicize_connections":[],"_links":{"self":[{"href":"https:\/\/notinor.com\/jujuy\/wp-json\/wp\/v2\/posts\/110169"}],"collection":[{"href":"https:\/\/notinor.com\/jujuy\/wp-json\/wp\/v2\/posts"}],"about":[{"href":"https:\/\/notinor.com\/jujuy\/wp-json\/wp\/v2\/types\/post"}],"author":[{"embeddable":true,"href":"https:\/\/notinor.com\/jujuy\/wp-json\/wp\/v2\/users\/5"}],"replies":[{"embeddable":true,"href":"https:\/\/notinor.com\/jujuy\/wp-json\/wp\/v2\/comments?post=110169"}],"version-history":[{"count":2,"href":"https:\/\/notinor.com\/jujuy\/wp-json\/wp\/v2\/posts\/110169\/revisions"}],"predecessor-version":[{"id":110174,"href":"https:\/\/notinor.com\/jujuy\/wp-json\/wp\/v2\/posts\/110169\/revisions\/110174"}],"wp:featuredmedia":[{"embeddable":true,"href":"https:\/\/notinor.com\/jujuy\/wp-json\/wp\/v2\/media\/110172"}],"wp:attachment":[{"href":"https:\/\/notinor.com\/jujuy\/wp-json\/wp\/v2\/media?parent=110169"}],"wp:term":[{"taxonomy":"category","embeddable":true,"href":"https:\/\/notinor.com\/jujuy\/wp-json\/wp\/v2\/categories?post=110169"},{"taxonomy":"post_tag","embeddable":true,"href":"https:\/\/notinor.com\/jujuy\/wp-json\/wp\/v2\/tags?post=110169"}],"curies":[{"name":"wp","href":"https:\/\/api.w.org\/{rel}","templated":true}]}}