{"id":110163,"date":"2017-03-16T00:01:26","date_gmt":"2017-03-16T03:01:26","guid":{"rendered":"http:\/\/notinor.com\/jujuy\/?p=110163"},"modified":"2017-03-16T09:41:25","modified_gmt":"2017-03-16T12:41:25","slug":"modernizacion-programa-de-infraestructura-de-datos-espaciales","status":"publish","type":"post","link":"https:\/\/notinor.com\/jujuy\/modernizacion-programa-de-infraestructura-de-datos-espaciales\/","title":{"rendered":"Modernizaci\u00f3n: Programa de Infraestructura de datos espaciales"},"content":{"rendered":"<p><a href=\"http:\/\/notinor.com\/jujuy\/wp-content\/uploads\/2017\/03\/presentacion-GIS.jpg\"><img decoding=\"async\" loading=\"lazy\" class=\"size-medium wp-image-110166 aligncenter\" src=\"http:\/\/notinor.com\/jujuy\/wp-content\/uploads\/2017\/03\/presentacion-GIS-300x199.jpg\" alt=\"presentacion GIS\" width=\"300\" height=\"199\" srcset=\"https:\/\/notinor.com\/jujuy\/wp-content\/uploads\/2017\/03\/presentacion-GIS-300x199.jpg 300w, https:\/\/notinor.com\/jujuy\/wp-content\/uploads\/2017\/03\/presentacion-GIS.jpg 800w\" sizes=\"(max-width: 300px) 100vw, 300px\" \/><\/a><\/p>\n<p>Con m\u00e1s precisi\u00f3n, el Intendente Municipal, Ra\u00fal Jorge\u00a0 explic\u00f3:\"el programa de Infraestructura de datos espaciales significa ingresar en programas de modernizaci\u00f3n a trav\u00e9s de una presentaci\u00f3n que se realiz\u00f3 en Naci\u00f3n y que ha significado la capacitaci\u00f3n de personal y la entrega de 27 equipos para distintas \u00e1reas que van a permitir tener la informaci\u00f3n\u00a0 a trav\u00e9s de un sistema integrado para conocer las realidades de cada uno de los sectores barriales, llegando a la escala de una manzana, un lote y en saber que\u00a0 infraestructura existe en el sector\".<\/p>\n<p>Sobre esto, coment\u00f3 el intendente que tiene que ver con planificar mejor a la hora de tomar decisiones. Esta planificaci\u00f3n se ver\u00e1 plasmada a la hora de encarar un proyecto mediante un relevamiento moderno instant\u00e1neo que tienen las ciudades m\u00e1s modernas. \"Con estas acciones estamos integr\u00e1ndonos a un sistema nacional y esto permite equipar m\u00e1s y mejor a nuestros recursos humanos\", finaliz\u00f3 Chuli Jorge.<\/p>\n<p>A su vez, el Secretario de Planificaci\u00f3n Desarrollo y Modernizaci\u00f3n de la Municipalidad, Luciano C\u00f3rdoba, expres\u00f3; \"se ha lanzado el Programa de Infraestructura de Datos Espaciales del municipio lo que se denomina el IDEM donde se efectu\u00f3 simb\u00f3licamente una presentaci\u00f3n formal de lo que consiste el programa, para qu\u00e9 sirve dentro de la estructura org\u00e1nica y dentro del trabajo habitual que hace la Municipalidad y qu\u00e9 implicancias tendr\u00e1 para tener un uso m\u00e1s eficiente de la informaci\u00f3n y c\u00f3mo la misma permitir\u00e1 tomas decisiones pol\u00edticas p\u00fablicas m\u00e1s efectivas\".<\/p>\n<p>Entrega de equipamiento<\/p>\n<p>En este contexto, se entreg\u00f3 equipamiento informativo de \u00faltima tecnolog\u00eda que ser\u00e1n distribuidos\u00a0 en diferentes \u00e1reas del municipio. Debemos recordar que para un uso efectivo y eficiente de tal maquinaria, se desarroll\u00f3 durante\u00a0 el 2016 una serie de capacitaciones a t\u00e9cnicos y profesionales de la administraci\u00f3n municipal en la implementaci\u00f3n de lo que es la\u00a0 georeferenciaci\u00f3n\u00a0 o captura de imagen geolocalizadas, para datos con precisi\u00f3n en el territorio municipal.<\/p>\n<p>\"Esto permitir\u00e1 subir todo a una red que estar\u00e1 conectada con este equipamiento inform\u00e1tico para que despu\u00e9s se tomen decisiones de pol\u00edticas p\u00fablicas m\u00e1s eficientes, efectivas y nos permite errar menos en lo que son las decisiones que se toman, esto significa planificar, modernizar, el Municipio y ponernos a la altura de otros municipios como Buenos Aires, C\u00f3rdoba, Rosario, Santa Fe y Corriente que son las que han implementado este sistema de datos y San Salvador se estar\u00eda sumando a esta ola de modernizaci\u00f3n\", afirm\u00f3 el secretario C\u00f3rdoba.<\/p>\n<p>&nbsp;<\/p>\n<p>&nbsp;<\/p>\n","protected":false},"excerpt":{"rendered":"<p>Con m\u00e1s precisi\u00f3n, el Intendente Municipal, Ra\u00fal Jorge\u00a0 explic\u00f3:\"el programa de Infraestructura de datos espaciales significa ingresar en programas de modernizaci\u00f3n a trav\u00e9s de una presentaci\u00f3n que se realiz\u00f3 en Naci\u00f3n y que ha significado la capacitaci\u00f3n de personal y la entrega de 27 equipos para distintas \u00e1reas que van a permitir tener la informaci\u00f3n\u00a0 [&hellip;]<\/p>\n","protected":false},"author":5,"featured_media":110165,"comment_status":"open","ping_status":"open","sticky":false,"template":"","format":"standard","meta":{"_stopmodifiedupdate":false,"_modified_date":"","inline_featured_image":false},"categories":[490],"tags":[],"jetpack_featured_media_url":"https:\/\/notinor.com\/jujuy\/wp-content\/uploads\/2017\/03\/presentacion-GIS2.jpg","_links":{"self":[{"href":"https:\/\/notinor.com\/jujuy\/wp-json\/wp\/v2\/posts\/110163"}],"collection":[{"href":"https:\/\/notinor.com\/jujuy\/wp-json\/wp\/v2\/posts"}],"about":[{"href":"https:\/\/notinor.com\/jujuy\/wp-json\/wp\/v2\/types\/post"}],"author":[{"embeddable":true,"href":"https:\/\/notinor.com\/jujuy\/wp-json\/wp\/v2\/users\/5"}],"replies":[{"embeddable":true,"href":"https:\/\/notinor.com\/jujuy\/wp-json\/wp\/v2\/comments?post=110163"}],"version-history":[{"count":2,"href":"https:\/\/notinor.com\/jujuy\/wp-json\/wp\/v2\/posts\/110163\/revisions"}],"predecessor-version":[{"id":110168,"href":"https:\/\/notinor.com\/jujuy\/wp-json\/wp\/v2\/posts\/110163\/revisions\/110168"}],"wp:featuredmedia":[{"embeddable":true,"href":"https:\/\/notinor.com\/jujuy\/wp-json\/wp\/v2\/media\/110165"}],"wp:attachment":[{"href":"https:\/\/notinor.com\/jujuy\/wp-json\/wp\/v2\/media?parent=110163"}],"wp:term":[{"taxonomy":"category","embeddable":true,"href":"https:\/\/notinor.com\/jujuy\/wp-json\/wp\/v2\/categories?post=110163"},{"taxonomy":"post_tag","embeddable":true,"href":"https:\/\/notinor.com\/jujuy\/wp-json\/wp\/v2\/tags?post=110163"}],"curies":[{"name":"wp","href":"https:\/\/api.w.org\/{rel}","templated":true}]}}