{"id":110141,"date":"2017-03-16T00:00:55","date_gmt":"2017-03-16T03:00:55","guid":{"rendered":"http:\/\/notinor.com\/jujuy\/?p=110141"},"modified":"2017-03-16T08:58:17","modified_gmt":"2017-03-16T11:58:17","slug":"la-comision-legislativa-de-pueblos-indigenas-recibio-a-la-referente-provincial-natalia-sarapura","status":"publish","type":"post","link":"https:\/\/notinor.com\/jujuy\/la-comision-legislativa-de-pueblos-indigenas-recibio-a-la-referente-provincial-natalia-sarapura\/","title":{"rendered":"La Comisi\u00f3n Legislativa de Pueblos Ind\u00edgenas recibi\u00f3 a la referente provincial Natalia Sarapura"},"content":{"rendered":"<p><a href=\"http:\/\/notinor.com\/jujuy\/wp-content\/uploads\/2017\/03\/indigena.jpg\"><img decoding=\"async\" loading=\"lazy\" class=\"size-medium wp-image-110143 aligncenter\" src=\"http:\/\/notinor.com\/jujuy\/wp-content\/uploads\/2017\/03\/indigena-300x170.jpg\" alt=\"indigena\" width=\"300\" height=\"170\" srcset=\"https:\/\/notinor.com\/jujuy\/wp-content\/uploads\/2017\/03\/indigena-300x170.jpg 300w, https:\/\/notinor.com\/jujuy\/wp-content\/uploads\/2017\/03\/indigena-199x112.jpg 199w, https:\/\/notinor.com\/jujuy\/wp-content\/uploads\/2017\/03\/indigena.jpg 800w\" sizes=\"(max-width: 300px) 100vw, 300px\" \/><\/a><\/p>\n<p>En ese sentido la legisladora provincial, Marcela Arjona, quien preside dicha Comisi\u00f3n resalt\u00f3 que con la secretaria provincial y los diputados que representan a los pueblos de quebrada y puna se analiz\u00f3 la delicada situaci\u00f3n por la que est\u00e1n atravesando como consecuencia del cambio clim\u00e1tico, especialmente los habitantes de las localidades de Volc\u00e1n, Tumbaya, Barcena,\u00a0 Maimara y Tilcara.<\/p>\n<p>Afligidos por las consecuencias que provoca el fen\u00f3meno clim\u00e1tico en la vida de los pueblos se\u00f1al\u00f3 que es necesario contar con una ley provincial espec\u00edfica para trabajar con los pueblos ind\u00edgenas y el cambio clim\u00e1tico, en aspectos como el saneamiento del medioambiente en los territorios ind\u00edgenas, sumando el ansiado proyecto que tiene la Comisi\u00f3n de crear la Defensor\u00eda para los Pueblos Ind\u00edgenas y el Instituto del Aborigen Juje\u00f1o, adem\u00e1s de trabajar en otra Ley espec\u00edfica sobre el derecho a la educaci\u00f3n intercultural, entre otros temas que est\u00e1n en agenda.<\/p>\n<p>Asimismo Arjona destac\u00f3 que con los legisladores que integran la Comisi\u00f3n tambi\u00e9n se trataron temas que tienen que ver con el Parlamento del NOA, teniendo en cuenta que se busca lograr un espacio de discusi\u00f3n de Pueblos Ind\u00edgenas en ese \u00f3rgano deliberativo regional \"fue un impulso de los legisladores de Jujuy, Salta y Tucum\u00e1n\", remarc\u00f3.<\/p>\n<p>Por \u00faltimo adelant\u00f3 que a lo largo del periodo ordinario 2017 la Comisi\u00f3n trabajar\u00e1 en territorio, sesionando en las distintas \u00e1reas geogr\u00e1ficas de Jujuy \"para atender de manera m\u00e1s directa los reclamos de las distintas comunidades\", expres\u00f3.<\/p>\n<p>&nbsp;<\/p>\n","protected":false},"excerpt":{"rendered":"<p>En ese sentido la legisladora provincial, Marcela Arjona, quien preside dicha Comisi\u00f3n resalt\u00f3 que con la secretaria provincial y los diputados que representan a los pueblos de quebrada y puna se analiz\u00f3 la delicada situaci\u00f3n por la que est\u00e1n atravesando como consecuencia del cambio clim\u00e1tico, especialmente los habitantes de las localidades de Volc\u00e1n, Tumbaya, Barcena,\u00a0 [&hellip;]<\/p>\n","protected":false},"author":5,"featured_media":110143,"comment_status":"open","ping_status":"open","sticky":false,"template":"","format":"standard","meta":{"_stopmodifiedupdate":false,"_modified_date":"","inline_featured_image":false},"categories":[2],"tags":[],"jetpack_featured_media_url":"https:\/\/notinor.com\/jujuy\/wp-content\/uploads\/2017\/03\/indigena.jpg","_links":{"self":[{"href":"https:\/\/notinor.com\/jujuy\/wp-json\/wp\/v2\/posts\/110141"}],"collection":[{"href":"https:\/\/notinor.com\/jujuy\/wp-json\/wp\/v2\/posts"}],"about":[{"href":"https:\/\/notinor.com\/jujuy\/wp-json\/wp\/v2\/types\/post"}],"author":[{"embeddable":true,"href":"https:\/\/notinor.com\/jujuy\/wp-json\/wp\/v2\/users\/5"}],"replies":[{"embeddable":true,"href":"https:\/\/notinor.com\/jujuy\/wp-json\/wp\/v2\/comments?post=110141"}],"version-history":[{"count":2,"href":"https:\/\/notinor.com\/jujuy\/wp-json\/wp\/v2\/posts\/110141\/revisions"}],"predecessor-version":[{"id":110144,"href":"https:\/\/notinor.com\/jujuy\/wp-json\/wp\/v2\/posts\/110141\/revisions\/110144"}],"wp:featuredmedia":[{"embeddable":true,"href":"https:\/\/notinor.com\/jujuy\/wp-json\/wp\/v2\/media\/110143"}],"wp:attachment":[{"href":"https:\/\/notinor.com\/jujuy\/wp-json\/wp\/v2\/media?parent=110141"}],"wp:term":[{"taxonomy":"category","embeddable":true,"href":"https:\/\/notinor.com\/jujuy\/wp-json\/wp\/v2\/categories?post=110141"},{"taxonomy":"post_tag","embeddable":true,"href":"https:\/\/notinor.com\/jujuy\/wp-json\/wp\/v2\/tags?post=110141"}],"curies":[{"name":"wp","href":"https:\/\/api.w.org\/{rel}","templated":true}]}}