{"id":110127,"date":"2017-03-16T00:00:47","date_gmt":"2017-03-16T03:00:47","guid":{"rendered":"http:\/\/notinor.com\/jujuy\/?p=110127"},"modified":"2017-03-16T02:29:36","modified_gmt":"2017-03-16T05:29:36","slug":"adep-los-docentes-primarios-rechazaron-la-propuesta-del-gobierno","status":"publish","type":"post","link":"https:\/\/notinor.com\/jujuy\/adep-los-docentes-primarios-rechazaron-la-propuesta-del-gobierno\/","title":{"rendered":"ADEP: Los docentes primarios rechazaron la propuesta del gobierno"},"content":{"rendered":"<p><a href=\"http:\/\/notinor.com\/jujuy\/wp-content\/uploads\/2017\/03\/tapia-adep.jpg\"><img decoding=\"async\" loading=\"lazy\" class=\"alignnone size-full wp-image-108597\" src=\"http:\/\/notinor.com\/jujuy\/wp-content\/uploads\/2017\/03\/tapia-adep.jpg\" alt=\"tapia adep\" width=\"960\" height=\"720\" srcset=\"https:\/\/notinor.com\/jujuy\/wp-content\/uploads\/2017\/03\/tapia-adep.jpg 960w, https:\/\/notinor.com\/jujuy\/wp-content\/uploads\/2017\/03\/tapia-adep-300x225.jpg 300w\" sizes=\"(max-width: 960px) 100vw, 960px\" \/><\/a><\/p>\n<p>As\u00ed lo establecieron al finalizar el congreso que se llev\u00f3 a cabo anoche. Resolvieron no aceptar la propuesta y continuar con las medidas de fuerza. De igual modo, esperan la reuni\u00f3n por la conciliaci\u00f3n obligatoria con el gobierno provincial y exigir\u00e1n una mejora en la propuesta salarial.<\/p>\n<p><a href=\"http:\/\/notinor.com\/jujuy\/wp-content\/uploads\/2016\/08\/escuela-chicos.jpg\"><img decoding=\"async\" loading=\"lazy\" class=\"alignnone size-full wp-image-85365\" src=\"http:\/\/notinor.com\/jujuy\/wp-content\/uploads\/2016\/08\/escuela-chicos.jpg\" alt=\"escuela chicos\" width=\"808\" height=\"454\" srcset=\"https:\/\/notinor.com\/jujuy\/wp-content\/uploads\/2016\/08\/escuela-chicos.jpg 808w, https:\/\/notinor.com\/jujuy\/wp-content\/uploads\/2016\/08\/escuela-chicos-300x169.jpg 300w, https:\/\/notinor.com\/jujuy\/wp-content\/uploads\/2016\/08\/escuela-chicos-199x112.jpg 199w, https:\/\/notinor.com\/jujuy\/wp-content\/uploads\/2016\/08\/escuela-chicos-616x345.jpg 616w\" sizes=\"(max-width: 808px) 100vw, 808px\" \/><\/a><\/p>\n<p>As\u00ed la Asociaci\u00f3n de Educadores Provinciales \u00a0dispuso, a diferencia de sus pares docentes \u00a0del nivel medio, no aceptar la propuesta realizada por el ejecutivo provincial. Por amplia mayor\u00eda se dispuso la medida y ratificar la adhesi\u00f3n a la marcha convocada por la CTERA a nivel nacional, con paro de actividades por 48 horas.<\/p>\n","protected":false},"excerpt":{"rendered":"<p>As\u00ed lo establecieron al finalizar el congreso que se llev\u00f3 a cabo anoche. Resolvieron no aceptar la propuesta y continuar con las medidas de fuerza. De igual modo, esperan la reuni\u00f3n por la conciliaci\u00f3n obligatoria con el gobierno provincial y exigir\u00e1n una mejora en la propuesta salarial. As\u00ed la Asociaci\u00f3n de Educadores Provinciales \u00a0dispuso, a [&hellip;]<\/p>\n","protected":false},"author":1,"featured_media":85365,"comment_status":"open","ping_status":"open","sticky":false,"template":"","format":"standard","meta":{"_stopmodifiedupdate":false,"_modified_date":"","inline_featured_image":false},"categories":[2,485],"tags":[],"jetpack_featured_media_url":"https:\/\/notinor.com\/jujuy\/wp-content\/uploads\/2016\/08\/escuela-chicos.jpg","_links":{"self":[{"href":"https:\/\/notinor.com\/jujuy\/wp-json\/wp\/v2\/posts\/110127"}],"collection":[{"href":"https:\/\/notinor.com\/jujuy\/wp-json\/wp\/v2\/posts"}],"about":[{"href":"https:\/\/notinor.com\/jujuy\/wp-json\/wp\/v2\/types\/post"}],"author":[{"embeddable":true,"href":"https:\/\/notinor.com\/jujuy\/wp-json\/wp\/v2\/users\/1"}],"replies":[{"embeddable":true,"href":"https:\/\/notinor.com\/jujuy\/wp-json\/wp\/v2\/comments?post=110127"}],"version-history":[{"count":1,"href":"https:\/\/notinor.com\/jujuy\/wp-json\/wp\/v2\/posts\/110127\/revisions"}],"predecessor-version":[{"id":110131,"href":"https:\/\/notinor.com\/jujuy\/wp-json\/wp\/v2\/posts\/110127\/revisions\/110131"}],"wp:featuredmedia":[{"embeddable":true,"href":"https:\/\/notinor.com\/jujuy\/wp-json\/wp\/v2\/media\/85365"}],"wp:attachment":[{"href":"https:\/\/notinor.com\/jujuy\/wp-json\/wp\/v2\/media?parent=110127"}],"wp:term":[{"taxonomy":"category","embeddable":true,"href":"https:\/\/notinor.com\/jujuy\/wp-json\/wp\/v2\/categories?post=110127"},{"taxonomy":"post_tag","embeddable":true,"href":"https:\/\/notinor.com\/jujuy\/wp-json\/wp\/v2\/tags?post=110127"}],"curies":[{"name":"wp","href":"https:\/\/api.w.org\/{rel}","templated":true}]}}