{"id":110114,"date":"2017-03-16T00:00:43","date_gmt":"2017-03-16T03:00:43","guid":{"rendered":"http:\/\/notinor.com\/jujuy\/?p=110114"},"modified":"2017-03-16T01:15:11","modified_gmt":"2017-03-16T04:15:11","slug":"universitarias-charla-de-becas-a-japon-para-iniciar-una-carrera","status":"publish","type":"post","link":"https:\/\/notinor.com\/jujuy\/universitarias-charla-de-becas-a-japon-para-iniciar-una-carrera\/","title":{"rendered":"Universitarias: Charla de Becas a Jap\u00f3n para iniciar una carrera"},"content":{"rendered":"<p>El encuentro, dirigido a estudiantes y nuevos profesionales se realizar\u00e1 el viernes 17 de marzo en el Aula virtual de Ingenier\u00eda.<\/p>\n<p><a href=\"http:\/\/notinor.com\/jujuy\/wp-content\/uploads\/2017\/03\/japon-1.jpg\"><img decoding=\"async\" loading=\"lazy\" class=\"alignnone size-full wp-image-110115\" src=\"http:\/\/notinor.com\/jujuy\/wp-content\/uploads\/2017\/03\/japon-1.jpg\" alt=\"japon 1\" width=\"2953\" height=\"2036\" srcset=\"https:\/\/notinor.com\/jujuy\/wp-content\/uploads\/2017\/03\/japon-1.jpg 2953w, https:\/\/notinor.com\/jujuy\/wp-content\/uploads\/2017\/03\/japon-1-300x207.jpg 300w, https:\/\/notinor.com\/jujuy\/wp-content\/uploads\/2017\/03\/japon-1-1024x706.jpg 1024w\" sizes=\"(max-width: 2953px) 100vw, 2953px\" \/><\/a><\/p>\n<p>La Facultad de Ingenier\u00eda (FI) de la Universidad Nacional de Jujuy (UNJu) invita a la comunidad en general a la Charla de Becas a Jap\u00f3n para iniciar una carrera. La misma est\u00e1 organizada por la Secretar\u00eda de Integraci\u00f3n Regional y Relaciones Internacionales de Jujuy junto a la Asociaci\u00f3n Japonesa de la provincia, con entrada es libre y gratuita.<\/p>\n<p>&nbsp;<\/p>\n<p>El encuentro estar\u00e1 a cargo de ex becarios en econom\u00eda, rob\u00f3tica y m\u00fasica, quienes expondr\u00e1n su experiencia y toda la informaci\u00f3n necesaria para el postulante. En este sentido, el encuentro consistir\u00e1 en brindar datos acerca de la posibilidad de iniciar una carrera, en busca del desarrollo profesional o bien para aprender el idioma y conocer la cultura nipona.<\/p>\n<p>&nbsp;<\/p>\n<p>El viernes 17 de marzo, a las 17:30 hs, se realizar\u00e1 el evento dirigido a estudiantes y nuevos profesionales, en el Aula virtual de la FI, en calle Can\u00f3nigo Gorriti 237.<\/p>\n","protected":false},"excerpt":{"rendered":"<p>El encuentro, dirigido a estudiantes y nuevos profesionales se realizar\u00e1 el viernes 17 de marzo en el Aula virtual de Ingenier\u00eda. La Facultad de Ingenier\u00eda (FI) de la Universidad Nacional de Jujuy (UNJu) invita a la comunidad en general a la Charla de Becas a Jap\u00f3n para iniciar una carrera. La misma est\u00e1 organizada por [&hellip;]<\/p>\n","protected":false},"author":1,"featured_media":110115,"comment_status":"open","ping_status":"open","sticky":false,"template":"","format":"standard","meta":{"_stopmodifiedupdate":false,"_modified_date":"","inline_featured_image":false},"categories":[2,13],"tags":[],"jetpack_featured_media_url":"https:\/\/notinor.com\/jujuy\/wp-content\/uploads\/2017\/03\/japon-1.jpg","_links":{"self":[{"href":"https:\/\/notinor.com\/jujuy\/wp-json\/wp\/v2\/posts\/110114"}],"collection":[{"href":"https:\/\/notinor.com\/jujuy\/wp-json\/wp\/v2\/posts"}],"about":[{"href":"https:\/\/notinor.com\/jujuy\/wp-json\/wp\/v2\/types\/post"}],"author":[{"embeddable":true,"href":"https:\/\/notinor.com\/jujuy\/wp-json\/wp\/v2\/users\/1"}],"replies":[{"embeddable":true,"href":"https:\/\/notinor.com\/jujuy\/wp-json\/wp\/v2\/comments?post=110114"}],"version-history":[{"count":1,"href":"https:\/\/notinor.com\/jujuy\/wp-json\/wp\/v2\/posts\/110114\/revisions"}],"predecessor-version":[{"id":110116,"href":"https:\/\/notinor.com\/jujuy\/wp-json\/wp\/v2\/posts\/110114\/revisions\/110116"}],"wp:featuredmedia":[{"embeddable":true,"href":"https:\/\/notinor.com\/jujuy\/wp-json\/wp\/v2\/media\/110115"}],"wp:attachment":[{"href":"https:\/\/notinor.com\/jujuy\/wp-json\/wp\/v2\/media?parent=110114"}],"wp:term":[{"taxonomy":"category","embeddable":true,"href":"https:\/\/notinor.com\/jujuy\/wp-json\/wp\/v2\/categories?post=110114"},{"taxonomy":"post_tag","embeddable":true,"href":"https:\/\/notinor.com\/jujuy\/wp-json\/wp\/v2\/tags?post=110114"}],"curies":[{"name":"wp","href":"https:\/\/api.w.org\/{rel}","templated":true}]}}