{"id":110105,"date":"2017-03-16T00:00:21","date_gmt":"2017-03-16T03:00:21","guid":{"rendered":"http:\/\/notinor.com\/jujuy\/?p=110105"},"modified":"2017-03-15T22:52:53","modified_gmt":"2017-03-16T01:52:53","slug":"solicitan-poner-en-marcha-la-atencion-del-camion-de-la-mujer","status":"publish","type":"post","link":"https:\/\/notinor.com\/jujuy\/solicitan-poner-en-marcha-la-atencion-del-camion-de-la-mujer\/","title":{"rendered":"Solicitan poner en marcha la atenci\u00f3n del Cami\u00f3n de la Mujer"},"content":{"rendered":"<p><a href=\"http:\/\/notinor.com\/jujuy\/wp-content\/uploads\/2017\/03\/CAMION-DE-LA-MUJER-2.jpeg\"><img decoding=\"async\" loading=\"lazy\" class=\"alignnone size-full wp-image-110106\" src=\"http:\/\/notinor.com\/jujuy\/wp-content\/uploads\/2017\/03\/CAMION-DE-LA-MUJER-2.jpeg\" alt=\"CAMION DE LA MUJER 2\" width=\"1096\" height=\"596\" srcset=\"https:\/\/notinor.com\/jujuy\/wp-content\/uploads\/2017\/03\/CAMION-DE-LA-MUJER-2.jpeg 1096w, https:\/\/notinor.com\/jujuy\/wp-content\/uploads\/2017\/03\/CAMION-DE-LA-MUJER-2-300x163.jpeg 300w, https:\/\/notinor.com\/jujuy\/wp-content\/uploads\/2017\/03\/CAMION-DE-LA-MUJER-2-1024x557.jpeg 1024w\" sizes=\"(max-width: 1096px) 100vw, 1096px\" \/><\/a><\/p>\n<p>La Senadora Nacional Liliana Fellner denunci\u00f3 que el Cami\u00f3n de la Mujer se encuentra estacionado en la terminal de \u00f3mnibus sin brindar ning\u00fan tipo de asistencia ginecol\u00f3gica a las mujeres de toda la provincia.<br \/>\nLa legisladora expres\u00f3 que \u201cEs lamentable que despu\u00e9s de tanto trabajo para tener dos Camiones de la Mujer en la provincia, \u00e9stos hoy se encuentren parados juntando tierra\u201d, indic\u00f3 y agreg\u00f3 que \u201cestas acciones son las que demuestran que no hay pol\u00edticas de salud orientadas la protecci\u00f3n y al cuidado de la mujer\u201d.<br \/>\nTambi\u00e9n\u00a0record\u00f3 que El Cami\u00f3n de la Mujer recorre toda la provincia brindando asistencia m\u00e9dica gratuita a las mujeres juje\u00f1as, lo que se constituye en una herramienta fundamental para la aplicaci\u00f3n de pol\u00edticas sanitarias inclusivas que garanticen un real acceso a todas las pobladoras de la provincia.<br \/>\nLiliana Fellner expres\u00f3 que \u201ccuando algo est\u00e1 bien hay que darle continuidad, no se puede dejar a los ciudadanos sin los servicios\u201d, por lo que solicit\u00f3 al Ministerio de Salud de la provincia que reactive y ponga en circulaci\u00f3n nuevamente los camiones de la mujer. En tiempo donde cada vez se revaloriza m\u00e1s el rol de la mujer en la sociedad y se busca llevar acciones que garanticen su pleno desarrollo y cuidado, \u201ces inadmisible que en Jujuy no se brinden los servicios sanitarios b\u00e1sicos\u201d, finaliz\u00f3 la Senadora.<\/p>\n","protected":false},"excerpt":{"rendered":"<p>La Senadora Nacional Liliana Fellner denunci\u00f3 que el Cami\u00f3n de la Mujer se encuentra estacionado en la terminal de \u00f3mnibus sin brindar ning\u00fan tipo de asistencia ginecol\u00f3gica a las mujeres de toda la provincia. La legisladora expres\u00f3 que \u201cEs lamentable que despu\u00e9s de tanto trabajo para tener dos Camiones de la Mujer en la provincia, [&hellip;]<\/p>\n","protected":false},"author":1,"featured_media":110106,"comment_status":"open","ping_status":"open","sticky":false,"template":"","format":"standard","meta":{"_stopmodifiedupdate":false,"_modified_date":"","inline_featured_image":false,"spay_email":"","jetpack_publicize_message":""},"categories":[485],"tags":[],"jetpack_featured_media_url":"https:\/\/notinor.com\/jujuy\/wp-content\/uploads\/2017\/03\/CAMION-DE-LA-MUJER-2.jpeg","jetpack_publicize_connections":[],"_links":{"self":[{"href":"https:\/\/notinor.com\/jujuy\/wp-json\/wp\/v2\/posts\/110105"}],"collection":[{"href":"https:\/\/notinor.com\/jujuy\/wp-json\/wp\/v2\/posts"}],"about":[{"href":"https:\/\/notinor.com\/jujuy\/wp-json\/wp\/v2\/types\/post"}],"author":[{"embeddable":true,"href":"https:\/\/notinor.com\/jujuy\/wp-json\/wp\/v2\/users\/1"}],"replies":[{"embeddable":true,"href":"https:\/\/notinor.com\/jujuy\/wp-json\/wp\/v2\/comments?post=110105"}],"version-history":[{"count":1,"href":"https:\/\/notinor.com\/jujuy\/wp-json\/wp\/v2\/posts\/110105\/revisions"}],"predecessor-version":[{"id":110107,"href":"https:\/\/notinor.com\/jujuy\/wp-json\/wp\/v2\/posts\/110105\/revisions\/110107"}],"wp:featuredmedia":[{"embeddable":true,"href":"https:\/\/notinor.com\/jujuy\/wp-json\/wp\/v2\/media\/110106"}],"wp:attachment":[{"href":"https:\/\/notinor.com\/jujuy\/wp-json\/wp\/v2\/media?parent=110105"}],"wp:term":[{"taxonomy":"category","embeddable":true,"href":"https:\/\/notinor.com\/jujuy\/wp-json\/wp\/v2\/categories?post=110105"},{"taxonomy":"post_tag","embeddable":true,"href":"https:\/\/notinor.com\/jujuy\/wp-json\/wp\/v2\/tags?post=110105"}],"curies":[{"name":"wp","href":"https:\/\/api.w.org\/{rel}","templated":true}]}}