{"id":110102,"date":"2017-03-16T00:00:53","date_gmt":"2017-03-16T03:00:53","guid":{"rendered":"http:\/\/notinor.com\/jujuy\/?p=110102"},"modified":"2017-03-15T22:21:40","modified_gmt":"2017-03-16T01:21:40","slug":"informan-sobre-el-estado-actual-y-los-trabajos-en-tilcara","status":"publish","type":"post","link":"https:\/\/notinor.com\/jujuy\/informan-sobre-el-estado-actual-y-los-trabajos-en-tilcara\/","title":{"rendered":"Informan sobre el estado actual y los trabajos en Tilcara"},"content":{"rendered":"<p><a href=\"http:\/\/notinor.com\/jujuy\/wp-content\/uploads\/2017\/03\/tilcara-vuelve-normalidad.jpg\"><img decoding=\"async\" loading=\"lazy\" class=\"alignnone size-full wp-image-110103\" src=\"http:\/\/notinor.com\/jujuy\/wp-content\/uploads\/2017\/03\/tilcara-vuelve-normalidad.jpg\" alt=\"tilcara vuelve normalidad\" width=\"1140\" height=\"755\" srcset=\"https:\/\/notinor.com\/jujuy\/wp-content\/uploads\/2017\/03\/tilcara-vuelve-normalidad.jpg 1140w, https:\/\/notinor.com\/jujuy\/wp-content\/uploads\/2017\/03\/tilcara-vuelve-normalidad-300x199.jpg 300w, https:\/\/notinor.com\/jujuy\/wp-content\/uploads\/2017\/03\/tilcara-vuelve-normalidad-1024x678.jpg 1024w\" sizes=\"(max-width: 1140px) 100vw, 1140px\" \/><\/a><\/p>\n<p>En materia de seguridad hay que informar que se realiz\u00f3 coordinaci\u00f3n con Plan Manejo de Fuego, para trabajos de prevenci\u00f3n en los sectores afectados.\u00a0Asimismo, el Comit\u00e9 de Emergencias tom\u00f3 la decisi\u00f3n de evacuaci\u00f3n de las zonas de viviendas con alto riesgo para sus habitantes.\u00a0Se conform\u00f3 tambi\u00e9n un equipo con municipio, Defensa Civil, APS, Psic\u00f3logos, Arquitectura y Polic\u00eda para realizar el desalojo de las viviendas en riesgo del Barrio La Falda.\u00a0En este sentido, el municipio realiza gestiones para conseguir el lugar para el alojamiento de las familias evacuadas y dep\u00f3sitos para trasladar muebles y pertenencias de los mismos, con las organizaciones de emergencia de la Provincia y el Ej\u00e9rcito.<\/p>\n<p>En relaci\u00f3n a infraestructura hay que destacar que el acueducto camino al Pucar\u00e1 presenta inconvenientes, lo cual afecta el suministro de agua de Sumaj Pacha. Agua Potable de Jujuy se encuentra trabajando en el lugar.<\/p>\n<p>A partir de las 10 hs. \u00a0se coordin\u00f3 con Polic\u00eda de la provincia, el operativo de apoyo de la seguridad de las personas cuyas viviendas tienen riesgo de derrumbe.\u00a0Se encuentran presentes 26 efectivos con 3 veh\u00edculos para realizar el recorrido de seguridad ciudadana en el Barrio La Falda.<\/p>\n<p>Tambien Agentes sanitarios se encuentran en terreno, en tareas de \u00a0relevamiento y vacunaci\u00f3n en las familias faltantes, en su mayor\u00eda del sector del pueblo afectado.<\/p>\n<p>Se contin\u00faa trabajando en el relevamiento de los sectores de las familias del Barrio Mataderos, Tupac Amaru, y Escalinata.\u00a0Contin\u00faa la provisi\u00f3n de racionamiento alimentario, para un total de 1.100 personas entre los del Hotel de Turismo y el Comedor Nutricional.<\/p>\n","protected":false},"excerpt":{"rendered":"<p>En materia de seguridad hay que informar que se realiz\u00f3 coordinaci\u00f3n con Plan Manejo de Fuego, para trabajos de prevenci\u00f3n en los sectores afectados.\u00a0Asimismo, el Comit\u00e9 de Emergencias tom\u00f3 la decisi\u00f3n de evacuaci\u00f3n de las zonas de viviendas con alto riesgo para sus habitantes.\u00a0Se conform\u00f3 tambi\u00e9n un equipo con municipio, Defensa Civil, APS, Psic\u00f3logos, Arquitectura [&hellip;]<\/p>\n","protected":false},"author":1,"featured_media":110103,"comment_status":"open","ping_status":"open","sticky":false,"template":"","format":"standard","meta":{"_stopmodifiedupdate":false,"_modified_date":"","inline_featured_image":false},"categories":[485],"tags":[],"jetpack_featured_media_url":"https:\/\/notinor.com\/jujuy\/wp-content\/uploads\/2017\/03\/tilcara-vuelve-normalidad.jpg","_links":{"self":[{"href":"https:\/\/notinor.com\/jujuy\/wp-json\/wp\/v2\/posts\/110102"}],"collection":[{"href":"https:\/\/notinor.com\/jujuy\/wp-json\/wp\/v2\/posts"}],"about":[{"href":"https:\/\/notinor.com\/jujuy\/wp-json\/wp\/v2\/types\/post"}],"author":[{"embeddable":true,"href":"https:\/\/notinor.com\/jujuy\/wp-json\/wp\/v2\/users\/1"}],"replies":[{"embeddable":true,"href":"https:\/\/notinor.com\/jujuy\/wp-json\/wp\/v2\/comments?post=110102"}],"version-history":[{"count":1,"href":"https:\/\/notinor.com\/jujuy\/wp-json\/wp\/v2\/posts\/110102\/revisions"}],"predecessor-version":[{"id":110104,"href":"https:\/\/notinor.com\/jujuy\/wp-json\/wp\/v2\/posts\/110102\/revisions\/110104"}],"wp:featuredmedia":[{"embeddable":true,"href":"https:\/\/notinor.com\/jujuy\/wp-json\/wp\/v2\/media\/110103"}],"wp:attachment":[{"href":"https:\/\/notinor.com\/jujuy\/wp-json\/wp\/v2\/media?parent=110102"}],"wp:term":[{"taxonomy":"category","embeddable":true,"href":"https:\/\/notinor.com\/jujuy\/wp-json\/wp\/v2\/categories?post=110102"},{"taxonomy":"post_tag","embeddable":true,"href":"https:\/\/notinor.com\/jujuy\/wp-json\/wp\/v2\/tags?post=110102"}],"curies":[{"name":"wp","href":"https:\/\/api.w.org\/{rel}","templated":true}]}}