{"id":110097,"date":"2017-03-16T00:00:07","date_gmt":"2017-03-16T03:00:07","guid":{"rendered":"http:\/\/notinor.com\/jujuy\/?p=110097"},"modified":"2017-03-15T21:51:00","modified_gmt":"2017-03-16T00:51:00","slug":"cortes-y-ollas-populares-en-los-principales-accesos-en-bs-as","status":"publish","type":"post","link":"https:\/\/notinor.com\/jujuy\/cortes-y-ollas-populares-en-los-principales-accesos-en-bs-as\/","title":{"rendered":"Cortes y ollas populares en los principales accesos en Bs As"},"content":{"rendered":"<p><a href=\"http:\/\/notinor.com\/jujuy\/wp-content\/uploads\/2017\/03\/ollas-populares-Bs-As.jpg\"><img decoding=\"async\" loading=\"lazy\" class=\"alignnone size-full wp-image-110098\" src=\"http:\/\/notinor.com\/jujuy\/wp-content\/uploads\/2017\/03\/ollas-populares-Bs-As.jpg\" alt=\"ollas populares Bs As\" width=\"930\" height=\"525\" srcset=\"https:\/\/notinor.com\/jujuy\/wp-content\/uploads\/2017\/03\/ollas-populares-Bs-As.jpg 930w, https:\/\/notinor.com\/jujuy\/wp-content\/uploads\/2017\/03\/ollas-populares-Bs-As-300x169.jpg 300w, https:\/\/notinor.com\/jujuy\/wp-content\/uploads\/2017\/03\/ollas-populares-Bs-As-199x112.jpg 199w\" sizes=\"(max-width: 930px) 100vw, 930px\" \/><\/a><\/p>\n<p>Militantes de organizaciones sociales y de trabajadores informales cumplieron este mi\u00e9rcoles una nueva jornada de protesta con cortes en los accesos a la Capital Federal y ollas populares en varios puntos del pa\u00eds en rechazo a medidas econ\u00f3micas del Gobierno y para exigir la implementaci\u00f3n de la ley de emergencia social.<\/p>\n<p>Los manifestantes cortaron desde temprano el Puente Pueyrred\u00f3n, que conecta la Capital Federal con la localidad bonaerense de Avellaneda; la Autopistas Panamericana y la Autopista Buenos Aires-La Plata, por lo que el tr\u00e1nsito en horario pico fue un caos.<\/p>\n<p>La protesta fue organizada por el Movimiento Evita, la Corriente Clasista y Combativa (CCC) y la Confederaci\u00f3n de Trabajadores de la Econom\u00eda Popular (CTEP), entre otras agrupaciones, que vienen negociando con el Gobierno de Mauricio Macri el plan de emergencia social destinado a los sectores m\u00e1s vulnerables de la poblaci\u00f3n.<\/p>\n<p>En torno a las movilizaciones, efectivos policiales realizaron operativos preventivos de seguridad, aunque los manifestantes no fueron desalojados: \"Con nosotros no van a poder, si cortan una v\u00eda nacional se despeja\", hab\u00eda advertido sin embargo desde temprano la ministra de Seguridad, Patricia Bullrich, en declaraciones radiales.<\/p>\n<p>La jornada de reclamos comenz\u00f3 cerca de las 7:00, con una marcha en la intersecci\u00f3n las avenidas Corrientes y Callao, llevada adelante por el Frente Popular Dar\u00edo Santill\u00e1n, la Corriente Nacional, la Agrupaci\u00f3n Barrial V\u00edctor Choque, Izquierda Latinoamericana Socialista y la Corriente Surcos.<\/p>\n<p>M\u00e1s tarde, los cortes siguieron en Acceso Oeste a la altura de Castelar y en la autopista Ricchieri a la altura del Mercado Central, mientras que adem\u00e1s hubo otro piquete sobre la autopista Panamericana y la ruta 197, mano a Capital, donde tambi\u00e9n instalaron ollas populares hasta las 14:00.<\/p>\n<p>En el interior, medidas de fuerza similares se produjeron en las provincias de Chaco, Salta, Tucum\u00e1n, Jujuy, Formosa, San Luis y C\u00f3rdoba: entre otras cosas, los manifestantes reclaman por una pronta aplicaci\u00f3n de la ley de emergencia social que, seg\u00fan denunciaron en un comunicado, \"al d\u00eda de la fecha sigue sin implementarse\".<\/p>\n<p>Adem\u00e1s, exigen \"un piso m\u00ednimo equivalente a la Canasta B\u00e1sica Alimentaria (6.300 pesos) para todos los programas de empleo con contraprestaci\u00f3n laboral\".<\/p>\n","protected":false},"excerpt":{"rendered":"<p>Militantes de organizaciones sociales y de trabajadores informales cumplieron este mi\u00e9rcoles una nueva jornada de protesta con cortes en los accesos a la Capital Federal y ollas populares en varios puntos del pa\u00eds en rechazo a medidas econ\u00f3micas del Gobierno y para exigir la implementaci\u00f3n de la ley de emergencia social. Los manifestantes cortaron desde [&hellip;]<\/p>\n","protected":false},"author":1,"featured_media":110098,"comment_status":"open","ping_status":"open","sticky":false,"template":"","format":"standard","meta":{"_stopmodifiedupdate":false,"_modified_date":"","inline_featured_image":false,"spay_email":"","jetpack_publicize_message":""},"categories":[5],"tags":[],"jetpack_featured_media_url":"https:\/\/notinor.com\/jujuy\/wp-content\/uploads\/2017\/03\/ollas-populares-Bs-As.jpg","jetpack_publicize_connections":[],"_links":{"self":[{"href":"https:\/\/notinor.com\/jujuy\/wp-json\/wp\/v2\/posts\/110097"}],"collection":[{"href":"https:\/\/notinor.com\/jujuy\/wp-json\/wp\/v2\/posts"}],"about":[{"href":"https:\/\/notinor.com\/jujuy\/wp-json\/wp\/v2\/types\/post"}],"author":[{"embeddable":true,"href":"https:\/\/notinor.com\/jujuy\/wp-json\/wp\/v2\/users\/1"}],"replies":[{"embeddable":true,"href":"https:\/\/notinor.com\/jujuy\/wp-json\/wp\/v2\/comments?post=110097"}],"version-history":[{"count":1,"href":"https:\/\/notinor.com\/jujuy\/wp-json\/wp\/v2\/posts\/110097\/revisions"}],"predecessor-version":[{"id":110099,"href":"https:\/\/notinor.com\/jujuy\/wp-json\/wp\/v2\/posts\/110097\/revisions\/110099"}],"wp:featuredmedia":[{"embeddable":true,"href":"https:\/\/notinor.com\/jujuy\/wp-json\/wp\/v2\/media\/110098"}],"wp:attachment":[{"href":"https:\/\/notinor.com\/jujuy\/wp-json\/wp\/v2\/media?parent=110097"}],"wp:term":[{"taxonomy":"category","embeddable":true,"href":"https:\/\/notinor.com\/jujuy\/wp-json\/wp\/v2\/categories?post=110097"},{"taxonomy":"post_tag","embeddable":true,"href":"https:\/\/notinor.com\/jujuy\/wp-json\/wp\/v2\/tags?post=110097"}],"curies":[{"name":"wp","href":"https:\/\/api.w.org\/{rel}","templated":true}]}}