{"id":110088,"date":"2017-03-16T00:00:48","date_gmt":"2017-03-16T03:00:48","guid":{"rendered":"http:\/\/notinor.com\/jujuy\/?p=110088"},"modified":"2017-03-15T20:56:12","modified_gmt":"2017-03-15T23:56:12","slug":"lunes-20-ultimo-plazo-para-reubicar-vendedores-de-ropa-de-la-vieja-terminal","status":"publish","type":"post","link":"https:\/\/notinor.com\/jujuy\/lunes-20-ultimo-plazo-para-reubicar-vendedores-de-ropa-de-la-vieja-terminal\/","title":{"rendered":"Lunes 20 \u00faltimo plazo para reubicar vendedores de ropa de la vieja terminal"},"content":{"rendered":"<p><a href=\"http:\/\/notinor.com\/jujuy\/wp-content\/uploads\/2015\/07\/Feria-bruno-Jerez.jpg\"><img decoding=\"async\" loading=\"lazy\" class=\"alignnone size-full wp-image-34781\" src=\"http:\/\/notinor.com\/jujuy\/wp-content\/uploads\/2015\/07\/Feria-bruno-Jerez.jpg\" alt=\"Feria bruno Jerez\" width=\"900\" height=\"661\" srcset=\"https:\/\/notinor.com\/jujuy\/wp-content\/uploads\/2015\/07\/Feria-bruno-Jerez.jpg 900w, https:\/\/notinor.com\/jujuy\/wp-content\/uploads\/2015\/07\/Feria-bruno-Jerez-300x220.jpg 300w\" sizes=\"(max-width: 900px) 100vw, 900px\" \/><\/a><\/p>\n<p>El funcionario se\u00f1al\u00f3 que \u201cla mayor\u00eda se van a trasladar a la galer\u00eda del Big Mall y otros a la Galeria Jujuy y esto esta dispuesto para que el fin de semana se realice el operativo de reubicaci\u00f3n\u201d, afirm\u00f3.<br \/>\nJerez afirm\u00f3 que se van a coordinar las acciones necesarias desde el municipio para evitar un operativo que genera violencia y alg\u00fan tipo de problemas a trav\u00e9s del dialogo con los vendedores \u201cla gente del MIJD de Castells son uno de los grupos que hay en la zona como tambi\u00e9n est\u00e1n los de ATTAVI pero hemos hablado con ellos, est\u00e1n dispuestos a reubicarse y han sido notificados como corresponde\u201d. Tambien agreg\u00f3 que en un principio no tendr\u00eda que haber ning\u00fan problema.<br \/>\nEl funcionario estim\u00f3 que son alrededor de 120 vendedores que van a ser reubicados y que en su mayor\u00eda van a recibir una locaci\u00f3n en la galer\u00eda de Big Mall \u201cla municipalidad esta trabajando para que la ropa nueva y usada deje de comercializarse en la zona de la vieja terminal y los vendedores reubicados se dedican a esta actividad\u201d. Tambi\u00e9n indic\u00f3 que posteriormente a este traslado se va a trabajar con los vendedores de especies y artesan\u00edas locales \u201cproductos informales\u201d.<br \/>\nJerez afirm\u00f3 que se va a capacitar sobre manejo de productos y salubridad a los vendedores de productos alimenticios que se encuentran en el lugar y que por ahora no van a ser reubicados. \u201cEstamos dialogando con la gente que maneja los carros de verdura porque en la Zegada esta el mercado de concentraci\u00f3n y que ellos pagan sus impuestos y existe una competencia desleal porque estamos imitando su horario de venta que sea en el horario en que no funciona el mercado\u201d.<br \/>\nEl ultimo plazo es el 20 de Marzo y se va a manejar con retiro de los vendedores y el municipio y la polic\u00eda de la provincia va a vigilar el lugar para que no se ocupe nuevamente el lugar \u201cLa ordenanza municipal 6844\/16 preve la ubicaci\u00f3n de vendedores por cuadra y se va a cumplir con esta normativa\u201d.<\/p>\n","protected":false},"excerpt":{"rendered":"<p>El funcionario se\u00f1al\u00f3 que \u201cla mayor\u00eda se van a trasladar a la galer\u00eda del Big Mall y otros a la Galeria Jujuy y esto esta dispuesto para que el fin de semana se realice el operativo de reubicaci\u00f3n\u201d, afirm\u00f3. Jerez afirm\u00f3 que se van a coordinar las acciones necesarias desde el municipio para evitar un [&hellip;]<\/p>\n","protected":false},"author":1,"featured_media":34781,"comment_status":"open","ping_status":"open","sticky":false,"template":"","format":"standard","meta":{"_stopmodifiedupdate":false,"_modified_date":"","inline_featured_image":false},"categories":[493],"tags":[],"jetpack_featured_media_url":"https:\/\/notinor.com\/jujuy\/wp-content\/uploads\/2015\/07\/Feria-bruno-Jerez.jpg","_links":{"self":[{"href":"https:\/\/notinor.com\/jujuy\/wp-json\/wp\/v2\/posts\/110088"}],"collection":[{"href":"https:\/\/notinor.com\/jujuy\/wp-json\/wp\/v2\/posts"}],"about":[{"href":"https:\/\/notinor.com\/jujuy\/wp-json\/wp\/v2\/types\/post"}],"author":[{"embeddable":true,"href":"https:\/\/notinor.com\/jujuy\/wp-json\/wp\/v2\/users\/1"}],"replies":[{"embeddable":true,"href":"https:\/\/notinor.com\/jujuy\/wp-json\/wp\/v2\/comments?post=110088"}],"version-history":[{"count":1,"href":"https:\/\/notinor.com\/jujuy\/wp-json\/wp\/v2\/posts\/110088\/revisions"}],"predecessor-version":[{"id":110090,"href":"https:\/\/notinor.com\/jujuy\/wp-json\/wp\/v2\/posts\/110088\/revisions\/110090"}],"wp:featuredmedia":[{"embeddable":true,"href":"https:\/\/notinor.com\/jujuy\/wp-json\/wp\/v2\/media\/34781"}],"wp:attachment":[{"href":"https:\/\/notinor.com\/jujuy\/wp-json\/wp\/v2\/media?parent=110088"}],"wp:term":[{"taxonomy":"category","embeddable":true,"href":"https:\/\/notinor.com\/jujuy\/wp-json\/wp\/v2\/categories?post=110088"},{"taxonomy":"post_tag","embeddable":true,"href":"https:\/\/notinor.com\/jujuy\/wp-json\/wp\/v2\/tags?post=110088"}],"curies":[{"name":"wp","href":"https:\/\/api.w.org\/{rel}","templated":true}]}}