{"id":110078,"date":"2017-03-15T11:08:55","date_gmt":"2017-03-15T14:08:55","guid":{"rendered":"http:\/\/notinor.com\/jujuy\/?p=110078"},"modified":"2017-03-15T11:12:42","modified_gmt":"2017-03-15T14:12:42","slug":"carrio-denuncio-a-randazzo-por-los-trenes-y-de-paso-expuso-a-dietrich","status":"publish","type":"post","link":"https:\/\/notinor.com\/jujuy\/carrio-denuncio-a-randazzo-por-los-trenes-y-de-paso-expuso-a-dietrich\/","title":{"rendered":"Carri\u00f3 denunci\u00f3 a Randazzo por los trenes"},"content":{"rendered":"<p><a href=\"http:\/\/notinor.com\/jujuy\/wp-content\/uploads\/2016\/10\/carrio.jpg\"><img decoding=\"async\" loading=\"lazy\" class=\"alignnone size-full wp-image-92225\" src=\"http:\/\/notinor.com\/jujuy\/wp-content\/uploads\/2016\/10\/carrio.jpg\" alt=\"carrio\" width=\"600\" height=\"360\" srcset=\"https:\/\/notinor.com\/jujuy\/wp-content\/uploads\/2016\/10\/carrio.jpg 600w, https:\/\/notinor.com\/jujuy\/wp-content\/uploads\/2016\/10\/carrio-300x180.jpg 300w, https:\/\/notinor.com\/jujuy\/wp-content\/uploads\/2016\/10\/carrio-416x250.jpg 416w\" sizes=\"(max-width: 600px) 100vw, 600px\" \/><\/a><\/p>\n<p>Elisa Carri\u00f3 se meti\u00f3 de lleno en la campa\u00f1a bonaerense y sali\u00f3 a denunciar a Florencio Randazzo por la compra de trenes, d\u00edas despu\u00e9s de que se reflotara la candidatura del ex ministro del Interior.<br \/>\n\"Al d\u00e9ficit lo vamos a bajar por la corrupci\u00f3n. F\u00edjense en los ferrocarriles: un vag\u00f3n cuesta un tercio al que compr\u00f3 el que era ministro del Interior, que no me acuerdo el nombre\", dijo Lilita en una picaresca alusi\u00f3n a Randazzo. Lo hizo en una conferencia de prensa que brind\u00f3 en la Feria Expoagro que se desarrolla en San Nicol\u00e1s.<\/p>\n<p>Carri\u00f3 hab\u00eda evitado hablar de Randazzo hasta que el ex ministro desliz\u00f3 a sus allegados que competir\u00eda en la interna kirchnerista contra Cristina Kirchner o Daniel Scioli.\u00a0Con sus denuncias a Randazzo, Lilita dej\u00f3 expuesto a Guillermo Dietrich, el ministro de Transporte que hered\u00f3 parte de la cartera que ten\u00eda el funcionario kirchnerista. Es que no es un secreto la buena sinton\u00eda de Randazzo con Dietrich, que concentra las denuncias por la \"herencia\" en Julio de Vido y siempre se olvida de su antecesor. En este caso en particular, Dietrich no denunci\u00f3 la compra de vagones que se\u00f1al\u00f3 la l\u00edder de la Coalici\u00f3n C\u00edvica.<br \/>\nEn el inicio del mandato de Mauricio Macri, se conoci\u00f3 que Dietrich iba a tener que denunciar a Randazzo o quedar\u00eda como c\u00f3mplice. Fue durante la inauguraci\u00f3n de un tramo de electrificaci\u00f3n del Roca, en febrero del a\u00f1o pasado, a la que asisti\u00f3 el propio Randazzo, todo sonrisas entre Macri y Dietrich. Ahora se entiende.<\/p>\n<p>Lilita tambi\u00e9n apunt\u00f3 contra los diputados Sergio Massa y Diego Bossio, ambos ex funcionarios kirchneristas, por manejos en la colocaci\u00f3n del Fondo de Sustentabilidad de la ANSeS.\u00a0Lilita pronostic\u00f3 que si Cambiemos gana las elecciones legislativas de octubre \"las inversiones ser\u00e1n enormes\" y arriesg\u00f3 adem\u00e1s que el crecimiento de la Argentina podr\u00e1 llegar hasta \"6,6 por ciento este a\u00f1o\".<\/p>\n<p>\"Los inversores le tienen un miedo terrible a ese PJ que se trompea, que ambiciona y que cambia de pol\u00edticas\", dispar\u00f3.\u00a0Al hablar del d\u00e9ficit fiscal explic\u00f3 que el presidente Mauricio Macri tiene \"una intenci\u00f3n personal loable\" para reducirlo, aunque se\u00f1al\u00f3 que \"en la situaci\u00f3n de pobreza terrible que se vive en el pa\u00eds no es posible\" hacerlo. Sin embargo, aclar\u00f3 que \"lo que se est\u00e1 ahorrando en corrupci\u00f3n es enorme\". En relaci\u00f3n a las candidaturas, revel\u00f3 que \"nos juntaremos con el Presidente despu\u00e9s de Semana Santa para definirlas\".<\/p>\n<p>Y por \u00faltimo, prometi\u00f3 que \"despu\u00e9s de Pascuas le inicio juicio pol\u00edtico a (Ricardo) Lorenzetti. Y no hay Presidente que me haga prorrogar esto\", finaliz\u00f3.<\/p>\n","protected":false},"excerpt":{"rendered":"<p>Elisa Carri\u00f3 se meti\u00f3 de lleno en la campa\u00f1a bonaerense y sali\u00f3 a denunciar a Florencio Randazzo por la compra de trenes, d\u00edas despu\u00e9s de que se reflotara la candidatura del ex ministro del Interior. \"Al d\u00e9ficit lo vamos a bajar por la corrupci\u00f3n. F\u00edjense en los ferrocarriles: un vag\u00f3n cuesta un tercio al que [&hellip;]<\/p>\n","protected":false},"author":1,"featured_media":92225,"comment_status":"open","ping_status":"open","sticky":false,"template":"","format":"standard","meta":{"_stopmodifiedupdate":false,"_modified_date":"","inline_featured_image":false,"spay_email":"","jetpack_publicize_message":""},"categories":[501],"tags":[],"jetpack_featured_media_url":"https:\/\/notinor.com\/jujuy\/wp-content\/uploads\/2016\/10\/carrio.jpg","jetpack_publicize_connections":[],"_links":{"self":[{"href":"https:\/\/notinor.com\/jujuy\/wp-json\/wp\/v2\/posts\/110078"}],"collection":[{"href":"https:\/\/notinor.com\/jujuy\/wp-json\/wp\/v2\/posts"}],"about":[{"href":"https:\/\/notinor.com\/jujuy\/wp-json\/wp\/v2\/types\/post"}],"author":[{"embeddable":true,"href":"https:\/\/notinor.com\/jujuy\/wp-json\/wp\/v2\/users\/1"}],"replies":[{"embeddable":true,"href":"https:\/\/notinor.com\/jujuy\/wp-json\/wp\/v2\/comments?post=110078"}],"version-history":[{"count":4,"href":"https:\/\/notinor.com\/jujuy\/wp-json\/wp\/v2\/posts\/110078\/revisions"}],"predecessor-version":[{"id":110083,"href":"https:\/\/notinor.com\/jujuy\/wp-json\/wp\/v2\/posts\/110078\/revisions\/110083"}],"wp:featuredmedia":[{"embeddable":true,"href":"https:\/\/notinor.com\/jujuy\/wp-json\/wp\/v2\/media\/92225"}],"wp:attachment":[{"href":"https:\/\/notinor.com\/jujuy\/wp-json\/wp\/v2\/media?parent=110078"}],"wp:term":[{"taxonomy":"category","embeddable":true,"href":"https:\/\/notinor.com\/jujuy\/wp-json\/wp\/v2\/categories?post=110078"},{"taxonomy":"post_tag","embeddable":true,"href":"https:\/\/notinor.com\/jujuy\/wp-json\/wp\/v2\/tags?post=110078"}],"curies":[{"name":"wp","href":"https:\/\/api.w.org\/{rel}","templated":true}]}}