{"id":110068,"date":"2017-03-15T10:14:33","date_gmt":"2017-03-15T13:14:33","guid":{"rendered":"http:\/\/notinor.com\/jujuy\/?p=110068"},"modified":"2017-03-15T10:14:33","modified_gmt":"2017-03-15T13:14:33","slug":"se-realizo-el-sorteo-del-mundial-sub-20-con-maradona-de-anfitrion","status":"publish","type":"post","link":"https:\/\/notinor.com\/jujuy\/se-realizo-el-sorteo-del-mundial-sub-20-con-maradona-de-anfitrion\/","title":{"rendered":"Se realizo el sorteo del Mundial Sub 20: Con Maradona de anfitri\u00f3n"},"content":{"rendered":"<div class=\"row\">\n<div class=\" col-md-offset-1 col-md-10 col-xs-12 col-print-12\">\n<p class=\"element element-paragraph\" style=\"text-align: justify;\">El sorteo oficial de la Copa Mundial Sub-20 Rep\u00fablica de Corea 2017, celebrado en el Suwon Atrium, marc\u00f3 el camino que le deparar\u00e1 a las 24 selecciones participantes. <strong>Con Diego Armando Maradona y Pablo Aimar encargados de sacar los papeles<\/strong> para la diagramaci\u00f3n del cuadro, qued\u00f3 definida la suerte para los chicos comandados por Claudio \u00dabeda.<\/p>\n<p class=\"element element-paragraph\" style=\"text-align: justify;\"><a href=\"http:\/\/notinor.com\/jujuy\/wp-content\/uploads\/2017\/03\/Maradona-sorteo-Mundial-sub20-Corea-1920-1-1024x575.jpg\"><img decoding=\"async\" loading=\"lazy\" class=\"aligncenter size-full wp-image-110069\" src=\"http:\/\/notinor.com\/jujuy\/wp-content\/uploads\/2017\/03\/Maradona-sorteo-Mundial-sub20-Corea-1920-1-1024x575.jpg\" alt=\"Maradona-sorteo-Mundial-sub20-Corea-1920-1-1024x575\" width=\"600\" height=\"337\" srcset=\"https:\/\/notinor.com\/jujuy\/wp-content\/uploads\/2017\/03\/Maradona-sorteo-Mundial-sub20-Corea-1920-1-1024x575.jpg 600w, https:\/\/notinor.com\/jujuy\/wp-content\/uploads\/2017\/03\/Maradona-sorteo-Mundial-sub20-Corea-1920-1-1024x575-300x169.jpg 300w, https:\/\/notinor.com\/jujuy\/wp-content\/uploads\/2017\/03\/Maradona-sorteo-Mundial-sub20-Corea-1920-1-1024x575-199x112.jpg 199w\" sizes=\"(max-width: 600px) 100vw, 600px\" \/><\/a><\/p>\n<\/div>\n<\/div>\n<div class=\"row\">\n<div class=\" col-md-offset-1 col-md-10 col-xs-12 col-print-12\">\n<p class=\"element element-paragraph\" style=\"text-align: justify;\"><strong>Ambos argentinos fueron elegidos por haber levantado este trofeo en 1979 y 1997, respectivamente.<\/strong> Tambi\u00e9n ejercieron de asistentes en el sorteo el Alcalde de Suwon y propietario del Suwon City FC, Tae Young Yeom; el Vicepresidente del Comit\u00e9 Organizador de la Copa Mundial Sub-20, Bumkun Chal; Minho Choi, integrante del grupo de K-Pop ShiNee y Ye Eun Park, internacional sub-20 femenina de la Rep\u00fablica de Corea y ganadora del premio a la mejor futbolista joven de la KFA en 2016.<\/p>\n<div class=\"row\" style=\"text-align: justify;\">\n<div class=\" col-md-offset-1 col-md-10 col-xs-12 col-print-12\">\n<p class=\"element element-paragraph\">El elenco <em>albiceleste<\/em> integrar\u00e1 el Grupo A, junto al local <strong>Corea del Sur<\/strong>, <strong>Guniea<\/strong> (tercero en las eliminatorias de \u00c1frica) <strong>e Inglaterra<\/strong> (cuarto en la clasificaci\u00f3n europea). El debut ser\u00e1 el 20 de mayo, ante los brit\u00e1nicos.<\/p>\n<\/div>\n<\/div>\n<div class=\"row\">\n<div class=\" col-md-offset-1 col-md-10 col-xs-12 col-print-12\">\n<p class=\"element element-paragraph\" style=\"text-align: justify;\">\"<strong>\u00a1Qu\u00e9 sorteo para Argentina! Tenemos por delante algunos partidos duros, incluyendo un duelo contra los anfitriones<\/strong>. Ser\u00e1 un partido emocionante, frente a la hinchada local\", se\u00f1al\u00f3 Maradona en la gala desarrollada en suelo asi\u00e1tico.<\/p>\n<p class=\"element element-paragraph\" style=\"text-align: justify;\">Aimar tambi\u00e9n se pronunci\u00f3 sobre la zona que le ha toc\u00f3 a su pa\u00eds: \"Ha sido un placer ser parte de este sorteo. <strong>Mis compatriotas tienen un grupo duro contra los anfitriones de Rep\u00fablica de Corea, Guinea e Inglaterra en el primer partido<\/strong>. \u00a1Grandes duelos que estoy deseando ver!\".<\/p>\n<p class=\"element element-paragraph\">\n<\/div>\n<\/div>\n<\/div>\n<\/div>\n","protected":false},"excerpt":{"rendered":"<p>El sorteo oficial de la Copa Mundial Sub-20 Rep\u00fablica de Corea 2017, celebrado en el Suwon Atrium, marc\u00f3 el camino que le deparar\u00e1 a las 24 selecciones participantes. Con Diego Armando Maradona y Pablo Aimar encargados de sacar los papeles para la diagramaci\u00f3n del cuadro, qued\u00f3 definida la suerte para los chicos comandados por Claudio [&hellip;]<\/p>\n","protected":false},"author":1,"featured_media":110069,"comment_status":"open","ping_status":"open","sticky":false,"template":"","format":"standard","meta":{"_stopmodifiedupdate":false,"_modified_date":"","inline_featured_image":false,"spay_email":"","jetpack_publicize_message":""},"categories":[7],"tags":[],"jetpack_featured_media_url":"https:\/\/notinor.com\/jujuy\/wp-content\/uploads\/2017\/03\/Maradona-sorteo-Mundial-sub20-Corea-1920-1-1024x575.jpg","jetpack_publicize_connections":[],"_links":{"self":[{"href":"https:\/\/notinor.com\/jujuy\/wp-json\/wp\/v2\/posts\/110068"}],"collection":[{"href":"https:\/\/notinor.com\/jujuy\/wp-json\/wp\/v2\/posts"}],"about":[{"href":"https:\/\/notinor.com\/jujuy\/wp-json\/wp\/v2\/types\/post"}],"author":[{"embeddable":true,"href":"https:\/\/notinor.com\/jujuy\/wp-json\/wp\/v2\/users\/1"}],"replies":[{"embeddable":true,"href":"https:\/\/notinor.com\/jujuy\/wp-json\/wp\/v2\/comments?post=110068"}],"version-history":[{"count":1,"href":"https:\/\/notinor.com\/jujuy\/wp-json\/wp\/v2\/posts\/110068\/revisions"}],"predecessor-version":[{"id":110071,"href":"https:\/\/notinor.com\/jujuy\/wp-json\/wp\/v2\/posts\/110068\/revisions\/110071"}],"wp:featuredmedia":[{"embeddable":true,"href":"https:\/\/notinor.com\/jujuy\/wp-json\/wp\/v2\/media\/110069"}],"wp:attachment":[{"href":"https:\/\/notinor.com\/jujuy\/wp-json\/wp\/v2\/media?parent=110068"}],"wp:term":[{"taxonomy":"category","embeddable":true,"href":"https:\/\/notinor.com\/jujuy\/wp-json\/wp\/v2\/categories?post=110068"},{"taxonomy":"post_tag","embeddable":true,"href":"https:\/\/notinor.com\/jujuy\/wp-json\/wp\/v2\/tags?post=110068"}],"curies":[{"name":"wp","href":"https:\/\/api.w.org\/{rel}","templated":true}]}}