{"id":110059,"date":"2017-03-15T10:08:38","date_gmt":"2017-03-15T13:08:38","guid":{"rendered":"http:\/\/notinor.com\/jujuy\/?p=110059"},"modified":"2017-03-15T10:08:38","modified_gmt":"2017-03-15T13:08:38","slug":"river-hara-su-debut-en-la-copa-libertadores-en-la-casa-de-independiente-medellin","status":"publish","type":"post","link":"https:\/\/notinor.com\/jujuy\/river-hara-su-debut-en-la-copa-libertadores-en-la-casa-de-independiente-medellin\/","title":{"rendered":"River har\u00e1 su debut en la Copa Libertadores en la casa de Independiente Medell\u00edn"},"content":{"rendered":"<p>El conjunto de Marcelo Gallardo ser\u00e1 el \u00faltimo argentino en salir a escena. Desde las 21, enfrentar\u00e1 a los de Luis Zubeld\u00eda en el Atanasio Girardot<\/p>\n<p><a href=\"http:\/\/notinor.com\/jujuy\/wp-content\/uploads\/2017\/03\/gale-river-boca-superclasico-SF-13-1024x683.jpg\"><img decoding=\"async\" loading=\"lazy\" class=\"aligncenter size-full wp-image-110061\" src=\"http:\/\/notinor.com\/jujuy\/wp-content\/uploads\/2017\/03\/gale-river-boca-superclasico-SF-13-1024x683.jpg\" alt=\"gale-river-boca-superclasico-SF-13-1024x683\" width=\"600\" height=\"400\" srcset=\"https:\/\/notinor.com\/jujuy\/wp-content\/uploads\/2017\/03\/gale-river-boca-superclasico-SF-13-1024x683.jpg 600w, https:\/\/notinor.com\/jujuy\/wp-content\/uploads\/2017\/03\/gale-river-boca-superclasico-SF-13-1024x683-300x200.jpg 300w\" sizes=\"(max-width: 600px) 100vw, 600px\" \/><\/a><\/p>\n<p>La Copa Libertadores comenz\u00f3 de mala manera para los conjuntos argentinos, quienes a\u00fan no han ganado ning\u00fan encuentro. <strong>River har\u00e1 su estreno esta noche e intentar\u00e1 salvar el honor de sus compatriotas<\/strong> en su dura visita al <em>Atanasio Girardot<\/em> para enfrentarse, desde las 21, a Independiente Medell\u00edn.<\/p>\n<div class=\"row\">\n<div class=\" col-md-offset-1 col-md-10 col-xs-12 col-print-12\">\n<p class=\"element element-paragraph\">El<em> Millonario<\/em> pondr\u00e1 lo mejor que tiene, dado que Marcelo Gallardo preserv\u00f3 a algunos futbolistas el pasado domingo en la igualdad sin goles ante Uni\u00f3n de Santa Fe en el Monumental. <strong>Se destacan las presencias de Leonardo Ponzio y Jonatan Maidana.<\/strong><\/p>\n<\/div>\n<\/div>\n<div class=\"row\">\n<div class=\" col-md-offset-1 col-md-10 col-xs-12 col-print-12\">\n<p class=\"element element-paragraph\">\"<strong>Medell\u00edn es un equipo fuerte que viene en competencia, ya que ya jug\u00f3 nueve partidos y gana siempre en su cancha.<\/strong> Por eso, como todos los partidos de Copa como visitante, resultar\u00e1 muy duro\", afirm\u00f3 el <em>Mu\u00f1eco<\/em> en la previa al compromiso.<\/p>\n<\/div>\n<\/div>\n<div class=\"row\">\n<div class=\" col-md-offset-1 col-md-10 col-xs-12 col-print-12\">\n<p class=\"element element-paragraph\"><strong>El DIM<\/strong>, comandado por el argentino Luis Zubeld\u00eda, arriba a este compromiso en un momento inmejorable, al ser el <strong>l\u00edder de la liga colombiana.<\/strong> \"Vamos a enfrentar este duelo como todos: con nuestra identidad y nuestro f\u00fatbol. Ser\u00e1 un partido que pedir\u00e1 mucho car\u00e1cter y personalidad. Medell\u00edn estar\u00e1 bien preparado\", asegur\u00f3 Luis Quintero, una de las grandes figuras del conjunto local.<\/p>\n<\/div>\n<\/div>\n<div class=\"row\">\n<div class=\" col-md-offset-1 col-md-10 col-xs-12 col-print-12\">\n<p class=\"element element-paragraph\">El estratega argentino del elenco colombiano, por su parte, fue m\u00e1s cauto a la hora de analizar el cotejo: \"<strong>Estamos hablando de un equipo que seguramente est\u00e1 en el podio de los mejores del continente<\/strong>. Tienen un t\u00e9cnico con un proceso largo. Ser\u00e1 un lindo juego y vamos a necesitar de nuestra mejor versi\u00f3n\".<\/p>\n<\/div>\n<\/div>\n<div class=\"row\">\n<div class=\" col-md-offset-1 col-md-10 col-xs-12 col-print-12\">\n<p class=\"element element-paragraph\">Por el Grupo 3, ayer Melgar de Per\u00fa debut\u00f3 con un triunfo como local por 1 a 0 ante Emelec de Ecuador.<\/p>\n<\/div>\n<\/div>\n<p class=\"element element-paragraph\">\n<p class=\"element element-paragraph\">\n<p class=\"element element-paragraph\">\n<p class=\"element element-paragraph\">via infobae<\/p>\n","protected":false},"excerpt":{"rendered":"<p>El conjunto de Marcelo Gallardo ser\u00e1 el \u00faltimo argentino en salir a escena. Desde las 21, enfrentar\u00e1 a los de Luis Zubeld\u00eda en el Atanasio Girardot La Copa Libertadores comenz\u00f3 de mala manera para los conjuntos argentinos, quienes a\u00fan no han ganado ning\u00fan encuentro. River har\u00e1 su estreno esta noche e intentar\u00e1 salvar el honor [&hellip;]<\/p>\n","protected":false},"author":1,"featured_media":110061,"comment_status":"open","ping_status":"open","sticky":false,"template":"","format":"standard","meta":{"_stopmodifiedupdate":false,"_modified_date":"","inline_featured_image":false,"spay_email":"","jetpack_publicize_message":""},"categories":[7],"tags":[],"jetpack_featured_media_url":"https:\/\/notinor.com\/jujuy\/wp-content\/uploads\/2017\/03\/gale-river-boca-superclasico-SF-13-1024x683.jpg","jetpack_publicize_connections":[],"_links":{"self":[{"href":"https:\/\/notinor.com\/jujuy\/wp-json\/wp\/v2\/posts\/110059"}],"collection":[{"href":"https:\/\/notinor.com\/jujuy\/wp-json\/wp\/v2\/posts"}],"about":[{"href":"https:\/\/notinor.com\/jujuy\/wp-json\/wp\/v2\/types\/post"}],"author":[{"embeddable":true,"href":"https:\/\/notinor.com\/jujuy\/wp-json\/wp\/v2\/users\/1"}],"replies":[{"embeddable":true,"href":"https:\/\/notinor.com\/jujuy\/wp-json\/wp\/v2\/comments?post=110059"}],"version-history":[{"count":1,"href":"https:\/\/notinor.com\/jujuy\/wp-json\/wp\/v2\/posts\/110059\/revisions"}],"predecessor-version":[{"id":110062,"href":"https:\/\/notinor.com\/jujuy\/wp-json\/wp\/v2\/posts\/110059\/revisions\/110062"}],"wp:featuredmedia":[{"embeddable":true,"href":"https:\/\/notinor.com\/jujuy\/wp-json\/wp\/v2\/media\/110061"}],"wp:attachment":[{"href":"https:\/\/notinor.com\/jujuy\/wp-json\/wp\/v2\/media?parent=110059"}],"wp:term":[{"taxonomy":"category","embeddable":true,"href":"https:\/\/notinor.com\/jujuy\/wp-json\/wp\/v2\/categories?post=110059"},{"taxonomy":"post_tag","embeddable":true,"href":"https:\/\/notinor.com\/jujuy\/wp-json\/wp\/v2\/tags?post=110059"}],"curies":[{"name":"wp","href":"https:\/\/api.w.org\/{rel}","templated":true}]}}