{"id":109895,"date":"2017-03-14T00:42:35","date_gmt":"2017-03-14T03:42:35","guid":{"rendered":"http:\/\/notinor.com\/jujuy\/?p=109895"},"modified":"2017-03-14T09:04:12","modified_gmt":"2017-03-14T12:04:12","slug":"el-indio-solari-lloro-en-su-declaracion-ante-la-fiscal-y-dijo-que-la-responsabilidad-es-de-la-productora-del-show","status":"publish","type":"post","link":"https:\/\/notinor.com\/jujuy\/el-indio-solari-lloro-en-su-declaracion-ante-la-fiscal-y-dijo-que-la-responsabilidad-es-de-la-productora-del-show\/","title":{"rendered":"El Indio Solari llor\u00f3 en su declaraci\u00f3n ante la fiscal y  apunto a la productora del show"},"content":{"rendered":"<p style=\"text-align: justify;\">El cantante se deslig\u00f3 de la organizaci\u00f3n. La Justicia investiga especialmente a la productora, pero tambi\u00e9n est\u00e1 en la mira el Intendente de Olavarr\u00eda<\/p>\n<p style=\"text-align: justify;\"><a href=\"http:\/\/notinor.com\/jujuy\/wp-content\/uploads\/2017\/03\/Declaraciones-indio-.Imagen-fija008.jpg\"><img decoding=\"async\" loading=\"lazy\" class=\"aligncenter size-full wp-image-109896\" src=\"http:\/\/notinor.com\/jujuy\/wp-content\/uploads\/2017\/03\/Declaraciones-indio-.Imagen-fija008.jpg\" alt=\"Declaraciones-indio-.Imagen-fija008\" width=\"600\" height=\"338\" srcset=\"https:\/\/notinor.com\/jujuy\/wp-content\/uploads\/2017\/03\/Declaraciones-indio-.Imagen-fija008.jpg 600w, https:\/\/notinor.com\/jujuy\/wp-content\/uploads\/2017\/03\/Declaraciones-indio-.Imagen-fija008-300x169.jpg 300w, https:\/\/notinor.com\/jujuy\/wp-content\/uploads\/2017\/03\/Declaraciones-indio-.Imagen-fija008-199x112.jpg 199w\" sizes=\"(max-width: 600px) 100vw, 600px\" \/><\/a><\/p>\n<div class=\"row\" style=\"text-align: justify;\">\n<div class=\" col-md-offset-1 col-md-10 col-xs-12 col-print-12\">\n<p class=\"element element-paragraph\">Un d\u00eda antes de abandonar Olavarr\u00eda, el domingo a la tarde, el Indio Solari tuvo que contar ante la fiscal Susana Alonso, en calidad de testigo, toda la verdad sobre lo que vio en el\u00a0recital del s\u00e1bado y tambi\u00e9n sobre cu\u00e1l es su v\u00ednculo con la productora, responsable de la organizaci\u00f3n del show y, a esta altura, objetivo principal en la investigaci\u00f3n. <strong>La reacci\u00f3n de Solari sorprendi\u00f3 a la fiscal<\/strong> y a quienes estaban durante la declaraci\u00f3n testimonial. <strong>El cantante se quebr\u00f3 y llor\u00f3 varias veces durante el relato<\/strong> y admiti\u00f3 que lamentaba mucho lo que hab\u00eda pasado y que se sent\u00eda muy mal. Pero tambi\u00e9n, seg\u00fan revelaron fuentes del caso a <strong>Infobae<\/strong>, <strong>se deslig\u00f3 de la responsabilidad de la organizaci\u00f3n<\/strong>.<\/p>\n<\/div>\n<\/div>\n<div class=\"row\" style=\"text-align: justify;\">\n<div class=\" col-md-offset-1 col-md-10 col-xs-12 col-print-12\">\n<p class=\"element element-paragraph\"><strong>\"Dijo que hace muchos a\u00f1os que trabaja con esta productora (En Vivo S.A.) y que conf\u00eda en ellos, pero que no tiene nada que ver con la organizaci\u00f3n del show\"<\/strong>, revelaron fuentes de la investigaci\u00f3n, sobre lo que Solari declar\u00f3 ante Alonso en una habitaci\u00f3n del hotel Santa Rosa, donde el cantante y sus m\u00fasicos se alojaron desde el jueves y hasta el lunes.<\/p>\n<\/div>\n<\/div>\n<div class=\"row\">\n<div class=\" col-md-offset-1 col-md-10 col-xs-12 col-print-12\">\n<p class=\"element element-paragraph\" style=\"text-align: justify;\">En las \u00faltimas horas, <strong>la fiscal tom\u00f3 declaraci\u00f3n testimonial a muchas de las personas que orbitaron alrededor del recital.<\/strong> As\u00ed pasaron, adem\u00e1s de Solari, algunos de los m\u00fasicos de la banda y tambi\u00e9n el intendente de Olavarr\u00eda, <strong>Ezequiel Galli<\/strong>. Hay en la idea de tomarles testimoniales una peque\u00f1a \"trampita\" judicial: los testigos est\u00e1n obligados a decir la verdad. Por su parte, los hermanos Mat\u00edas y Marcos Peuscovich, titulares de En Vivo y de Chacal Producciones, aun no declararon porque es muy probable que sean imputados este martes.<\/p>\n<div class=\"row\" style=\"text-align: justify;\">\n<div class=\" col-md-offset-1 col-md-10 col-xs-12 col-print-12\">\n<p class=\"element element-paragraph\">El ex l\u00edder de Patricio Rey y sus Redonditos de Ricota, por otro lado, est\u00e1 lejos de la imputaci\u00f3n \"salvo que se encuentre un v\u00ednculo comercial con la productora\", indicaron fuentes de la investigaci\u00f3n.<\/p>\n<\/div>\n<\/div>\n<div class=\"row\" style=\"text-align: justify;\">\n<div class=\" col-md-offset-1 col-md-10 col-xs-12 col-print-12\">\n<p class=\"element element-paragraph\">Seg\u00fan explicaron fuentes del caso a <strong>Infobae<\/strong>, para los investigadores lo primordial es tener todas las versiones ya que la causa por ahora est\u00e1 caratulada como <strong>\"averiguaci\u00f3n de causales de muerte\"<\/strong>. En ese marco, Alonso debe saber lo antes posible d\u00f3nde fueron las muertes y cu\u00e1l es la responsabilidad de los organizadores.<\/p>\n<\/div>\n<\/div>\n<div class=\"row\">\n<div class=\" col-md-offset-1 col-md-10 col-xs-12 col-print-12\">\n<p class=\"element element-paragraph\" style=\"text-align: justify;\">En principio, <strong>los m\u00e1s complicados son los hermanos Peuscovich<\/strong>. De hecho, el juez de Garant\u00edas Carlos Villamar\u00edn orden\u00f3 hoy el allanamiento del hotel Santa Rosa. Tambi\u00e9n hubo un procedimiento en las oficinas que la empresa productora del show posee en la ciudad de La Plata. Durante los operativos se encontr\u00f3 informaci\u00f3n de valor en computadoras y tel\u00e9fonos celulares. Seg\u00fan el contrato que firmaron con la Municipalidad, el predio qued\u00f3 habilitado para recibir a 155 mil personas y claramente hubo m\u00e1s. Seg\u00fan algunos documentos del contrato a los que tuvo acceso <strong>Infobae<\/strong>, la empresa se comprometi\u00f3 adem\u00e1s a dejar un espacio libre de unos 60 mil metros cuadrados, que equivalen a poco menos que la mitad del espacio La Colmena. Sin embargo, todo eso estuvo densamente poblado por fans de Solari.<\/p>\n<div class=\"row\" style=\"text-align: justify;\">\n<div class=\" col-md-offset-1 col-md-10 col-xs-12 col-print-12\">\n<p class=\"element element-paragraph\"><strong>\"No tenemos certificado a\u00fan cu\u00e1nta gente entr\u00f3 y cu\u00e1ntos tickets vendieron\"<\/strong>, admiti\u00f3 una fuente judicial a este medio. Seg\u00fan el acuerdo, el l\u00edmite m\u00e1ximo de capacidad era una persona por metro cuadrado, como dice la legislaci\u00f3n. El predio tiene 270 metros de ancho por 576 de largo, es decir algo m\u00e1s de 155 mil metros cuadrados.<\/p>\n<\/div>\n<\/div>\n<div class=\"row\" style=\"text-align: justify;\">\n<div class=\" col-md-offset-1 col-md-10 col-xs-12 col-print-12\">\n<p class=\"element element-paragraph\">El jueves pasado los productores le comentaron al intendente Galli y a funcionarios importantes de la Provincia que hab\u00edan vendido 140 mil entradas y que esperaban vender otras 10 mil en Olavarr\u00eda el d\u00eda del show.<\/p>\n<\/div>\n<\/div>\n<div class=\"row\" style=\"text-align: justify;\">\n<div class=\" col-md-offset-1 col-md-10 col-xs-12 col-print-12\">\n<p class=\"element element-paragraph\">Alonso quiere saber cu\u00e1nta gente concurri\u00f3 realmente. Por eso, entre otras razones, empezaron los allanamientos. <strong>Seg\u00fan c\u00e1lculos de autoridades provinciales podr\u00edan haber entrado entre 200 y 300 mil personas<\/strong>. Galli dijo que fueron m\u00e1s de 300 mil.<\/p>\n<\/div>\n<\/div>\n<div class=\"row\">\n<div class=\" col-md-offset-1 col-md-10 col-xs-12 col-print-12\">\n<p class=\"element element-paragraph\" style=\"text-align: justify;\"><strong>\"Dentro del predio La Colmena toda la responsabilidad es de la productora\"<\/strong>, coment\u00f3 una fuente judicial, y aclar\u00f3: <strong>\"Pero afuera la responsabilidad p\u00fablica es del Municipio\"<\/strong>.<\/p>\n<div class=\"row\" style=\"text-align: justify;\">\n<div class=\" col-md-offset-1 col-md-10 col-xs-12 col-print-12\">\n<p class=\"element element-paragraph\">En las oficinas judiciales de Olavarr\u00eda y de Azul (cabeza de distrito, donde est\u00e1 siguiendo el caso el fiscal general Marcelo Sobrino) esperan para <strong>ma\u00f1ana a primera hora los resultados de las autopsias sobre las dos v\u00edctimas<\/strong> para comenzar a encaminar los posibles delitos y los imputados. Parece m\u00e1s que claro que no murieron por una avalancha, sino por policonsumo de alcohol y drogas ilegales. Pero s\u00ed creen que las condiciones de hacinamiento propiciaron el desenlace tr\u00e1gico.<\/p>\n<\/div>\n<\/div>\n<div class=\"row\" style=\"text-align: justify;\">\n<div class=\" col-md-offset-1 col-md-10 col-xs-12 col-print-12\">\n<p class=\"element element-paragraph\"><strong>Si las muertes ocurrieron dentro de La Colmena los apuntados ser\u00e1n los productores.\u00a0El que menos riesgos corre en t\u00e9rminos judiciales ser\u00eda Solari.<\/strong> La fiscal podr\u00eda imputar a los responsables de la productora de <strong>estrago doloso, cohecho (en caso de comprobarse coimas) y hasta homicidio culposo<\/strong>. Y al intendente Galli le podr\u00edan caber tambi\u00e9n algunas de esas imputaciones. La m\u00e1s probable es la de incumplimiento de los deberes de funcionario p\u00fablico.<\/p>\n<\/div>\n<\/div>\n<div class=\"row\">\n<div class=\" col-md-offset-1 col-md-10 col-xs-12 col-print-12\">\n<p class=\"element element-paragraph\" style=\"text-align: justify;\">Tambi\u00e9n se investiga por qu\u00e9 no hubo controles en las calles, donde adem\u00e1s se vend\u00eda alcohol a menos de 200 metros del predio, algo prohibido por la legislaci\u00f3n bonaerense. <strong>\"Como m\u00ednimo fallaron los controles municipales, encargada de fiscalizar\"<\/strong>, dijo Cristian Ritondo en la conferencia de prensa donde anunci\u00f3 que habr\u00e1 rastrillajes para encontrar a los chicos y chicas que todav\u00eda est\u00e1n perdidos tanto aqu\u00ed en Olavarr\u00eda como en pueblos vecinos.<\/p>\n<\/div>\n<\/div>\n<\/div>\n<\/div>\n<\/div>\n<\/div>\n<\/div>\n<\/div>\n","protected":false},"excerpt":{"rendered":"<p>El cantante se deslig\u00f3 de la organizaci\u00f3n. La Justicia investiga especialmente a la productora, pero tambi\u00e9n est\u00e1 en la mira el Intendente de Olavarr\u00eda Un d\u00eda antes de abandonar Olavarr\u00eda, el domingo a la tarde, el Indio Solari tuvo que contar ante la fiscal Susana Alonso, en calidad de testigo, toda la verdad sobre lo [&hellip;]<\/p>\n","protected":false},"author":1,"featured_media":109896,"comment_status":"open","ping_status":"open","sticky":false,"template":"","format":"standard","meta":{"_stopmodifiedupdate":false,"_modified_date":"","inline_featured_image":false},"categories":[3],"tags":[],"jetpack_featured_media_url":"https:\/\/notinor.com\/jujuy\/wp-content\/uploads\/2017\/03\/Declaraciones-indio-.Imagen-fija008.jpg","_links":{"self":[{"href":"https:\/\/notinor.com\/jujuy\/wp-json\/wp\/v2\/posts\/109895"}],"collection":[{"href":"https:\/\/notinor.com\/jujuy\/wp-json\/wp\/v2\/posts"}],"about":[{"href":"https:\/\/notinor.com\/jujuy\/wp-json\/wp\/v2\/types\/post"}],"author":[{"embeddable":true,"href":"https:\/\/notinor.com\/jujuy\/wp-json\/wp\/v2\/users\/1"}],"replies":[{"embeddable":true,"href":"https:\/\/notinor.com\/jujuy\/wp-json\/wp\/v2\/comments?post=109895"}],"version-history":[{"count":2,"href":"https:\/\/notinor.com\/jujuy\/wp-json\/wp\/v2\/posts\/109895\/revisions"}],"predecessor-version":[{"id":109914,"href":"https:\/\/notinor.com\/jujuy\/wp-json\/wp\/v2\/posts\/109895\/revisions\/109914"}],"wp:featuredmedia":[{"embeddable":true,"href":"https:\/\/notinor.com\/jujuy\/wp-json\/wp\/v2\/media\/109896"}],"wp:attachment":[{"href":"https:\/\/notinor.com\/jujuy\/wp-json\/wp\/v2\/media?parent=109895"}],"wp:term":[{"taxonomy":"category","embeddable":true,"href":"https:\/\/notinor.com\/jujuy\/wp-json\/wp\/v2\/categories?post=109895"},{"taxonomy":"post_tag","embeddable":true,"href":"https:\/\/notinor.com\/jujuy\/wp-json\/wp\/v2\/tags?post=109895"}],"curies":[{"name":"wp","href":"https:\/\/api.w.org\/{rel}","templated":true}]}}