{"id":109756,"date":"2017-03-13T00:00:07","date_gmt":"2017-03-13T03:00:07","guid":{"rendered":"http:\/\/notinor.com\/jujuy\/?p=109756"},"modified":"2017-03-13T00:09:24","modified_gmt":"2017-03-13T03:09:24","slug":"la-comunidad-educativa-del-colegio-verbum-dei-estuvo-en-la-legislatura","status":"publish","type":"post","link":"https:\/\/notinor.com\/jujuy\/la-comunidad-educativa-del-colegio-verbum-dei-estuvo-en-la-legislatura\/","title":{"rendered":"La comunidad educativa del Colegio Verbum Dei estuvo en la legislatura"},"content":{"rendered":"<p><a href=\"http:\/\/notinor.com\/jujuy\/wp-content\/uploads\/2017\/03\/verbum-dei-legislatura.jpg\"><img decoding=\"async\" loading=\"lazy\" class=\"alignnone size-full wp-image-109758\" src=\"http:\/\/notinor.com\/jujuy\/wp-content\/uploads\/2017\/03\/verbum-dei-legislatura.jpg\" alt=\"verbum dei legislatura\" width=\"960\" height=\"640\" srcset=\"https:\/\/notinor.com\/jujuy\/wp-content\/uploads\/2017\/03\/verbum-dei-legislatura.jpg 960w, https:\/\/notinor.com\/jujuy\/wp-content\/uploads\/2017\/03\/verbum-dei-legislatura-300x200.jpg 300w\" sizes=\"(max-width: 960px) 100vw, 960px\" \/><\/a><\/p>\n<p>La principal autoridad de la cartera educativa, Isolda Calsina, recibi\u00f3 a una comitiva del colegio que concurri\u00f3 acompa\u00f1ada por legisladores provinciales de la Comisi\u00f3n de Educaci\u00f3n, pero las respuestas de la funcionaria no satisfacieron a los asistentes.\u00a0La reuni\u00f3n llevada a cabo en la sede del organismo provincial fue forzada por legisladores provinciales mediante comunicaciones telef\u00f3nicas establecidas durante la ma\u00f1ana del viernes, oportunidad en que padres, alumnos, docentes y directivos del Verbum Dei manten\u00edan un encuentro con diputados de la Comisi\u00f3n de Educaci\u00f3n.<\/p>\n<p>En la oportunidad, los alumnos plantearon a los legisladores la situaci\u00f3n inc\u00f3moda que viven por el cierre del edificio, lo que los oblig\u00f3 a iniciar el actual per\u00edodo lectivo tomando clases en la vereda del establecimiento, a la intemperie y con las incomodidades que esa situaci\u00f3n conlleva.\u00a0En tanto, los padres afirmaron que \"la ministra est\u00e1 avasallando el derecho de los alumnos de continuar sus estudios en una instituci\u00f3n que fue elegida por ellos y que le brinda la contenci\u00f3n que no supieron tener en otros establecimientos educativos\".<\/p>\n<p>Por su parte, el personal directivo y los docentes se quejaron por la improlijidad administrativa y la torpeza cometida por el Ministerio, que notific\u00f3 del cierre el 1 de este mes, es decir cinco d\u00edas antes del comienzo de clases. Pero la principal irregularidad que marcaron es la negativa de la funcionaria y de su equipo de trabajo en mostrarles el expediente que se form\u00f3 para respaldar esta medida que afecta a 300 j\u00f3venes que componen la matr\u00edcula del Verbum Dei.<\/p>\n<p>Esta situaci\u00f3n deriv\u00f3 en la presentaci\u00f3n por parte del colegio de una acci\u00f3n de amparo ante la Justicia ordinaria, que en la semana que se inicia deber\u00eda expedirse para echar transparencia sobre lo resuelto por el ministerio. Argumentan en su escrito legal que el organismo de Educaci\u00f3n vulner\u00f3 incluso el principio constitucional de acceder al expediente y el derecho a ejercer su defensa.<\/p>\n<p>Seg\u00fan los directivos, todos los puntos observados por el ministerio para tomar la decisi\u00f3n de clausurar el establecimiento son una falacia, puesto que como autoridades presentaron toda la documentaci\u00f3n y los requisitos exigidos para funcionar como instituci\u00f3n educativa privada. De esta manera responsabilizaron a Calsina por la situaci\u00f3n de indefensi\u00f3n y de exclusi\u00f3n que viven los alumnos.<\/p>\n<p>Luego de la frustrada reuni\u00f3n con la ministra, los alumnos, padres y docentes se retiraron de la sede educativa desconcertados y con visibles muestras de impotencia, incluso se observ\u00f3 a varios padres y alumnos con l\u00e1grimas en sus ojos.<\/p>\n<p>&nbsp;<\/p>\n","protected":false},"excerpt":{"rendered":"<p>La principal autoridad de la cartera educativa, Isolda Calsina, recibi\u00f3 a una comitiva del colegio que concurri\u00f3 acompa\u00f1ada por legisladores provinciales de la Comisi\u00f3n de Educaci\u00f3n, pero las respuestas de la funcionaria no satisfacieron a los asistentes.\u00a0La reuni\u00f3n llevada a cabo en la sede del organismo provincial fue forzada por legisladores provinciales mediante comunicaciones telef\u00f3nicas [&hellip;]<\/p>\n","protected":false},"author":1,"featured_media":109758,"comment_status":"open","ping_status":"open","sticky":false,"template":"","format":"standard","meta":{"_stopmodifiedupdate":false,"_modified_date":"","inline_featured_image":false},"categories":[493],"tags":[],"jetpack_featured_media_url":"https:\/\/notinor.com\/jujuy\/wp-content\/uploads\/2017\/03\/verbum-dei-legislatura.jpg","_links":{"self":[{"href":"https:\/\/notinor.com\/jujuy\/wp-json\/wp\/v2\/posts\/109756"}],"collection":[{"href":"https:\/\/notinor.com\/jujuy\/wp-json\/wp\/v2\/posts"}],"about":[{"href":"https:\/\/notinor.com\/jujuy\/wp-json\/wp\/v2\/types\/post"}],"author":[{"embeddable":true,"href":"https:\/\/notinor.com\/jujuy\/wp-json\/wp\/v2\/users\/1"}],"replies":[{"embeddable":true,"href":"https:\/\/notinor.com\/jujuy\/wp-json\/wp\/v2\/comments?post=109756"}],"version-history":[{"count":1,"href":"https:\/\/notinor.com\/jujuy\/wp-json\/wp\/v2\/posts\/109756\/revisions"}],"predecessor-version":[{"id":109759,"href":"https:\/\/notinor.com\/jujuy\/wp-json\/wp\/v2\/posts\/109756\/revisions\/109759"}],"wp:featuredmedia":[{"embeddable":true,"href":"https:\/\/notinor.com\/jujuy\/wp-json\/wp\/v2\/media\/109758"}],"wp:attachment":[{"href":"https:\/\/notinor.com\/jujuy\/wp-json\/wp\/v2\/media?parent=109756"}],"wp:term":[{"taxonomy":"category","embeddable":true,"href":"https:\/\/notinor.com\/jujuy\/wp-json\/wp\/v2\/categories?post=109756"},{"taxonomy":"post_tag","embeddable":true,"href":"https:\/\/notinor.com\/jujuy\/wp-json\/wp\/v2\/tags?post=109756"}],"curies":[{"name":"wp","href":"https:\/\/api.w.org\/{rel}","templated":true}]}}