{"id":109753,"date":"2017-03-13T00:00:04","date_gmt":"2017-03-13T03:00:04","guid":{"rendered":"http:\/\/notinor.com\/jujuy\/?p=109753"},"modified":"2017-03-12T21:06:02","modified_gmt":"2017-03-13T00:06:02","slug":"el-gobierno-recibe-a-cinco-gremios-afectados-por-despidos","status":"publish","type":"post","link":"https:\/\/notinor.com\/jujuy\/el-gobierno-recibe-a-cinco-gremios-afectados-por-despidos\/","title":{"rendered":"El Gobierno recibe a cinco gremios afectados por despidos"},"content":{"rendered":"<p><a href=\"http:\/\/notinor.com\/jujuy\/wp-content\/uploads\/2017\/02\/triaca.jpg\"><img decoding=\"async\" loading=\"lazy\" class=\"alignnone size-full wp-image-106174\" src=\"http:\/\/notinor.com\/jujuy\/wp-content\/uploads\/2017\/02\/triaca.jpg\" alt=\"triaca\" width=\"645\" height=\"362\" srcset=\"https:\/\/notinor.com\/jujuy\/wp-content\/uploads\/2017\/02\/triaca.jpg 645w, https:\/\/notinor.com\/jujuy\/wp-content\/uploads\/2017\/02\/triaca-300x168.jpg 300w, https:\/\/notinor.com\/jujuy\/wp-content\/uploads\/2017\/02\/triaca-199x112.jpg 199w, https:\/\/notinor.com\/jujuy\/wp-content\/uploads\/2017\/02\/triaca-616x345.jpg 616w\" sizes=\"(max-width: 645px) 100vw, 645px\" \/><\/a><\/p>\n<p>Dos d\u00edas antes de que la CGT se re\u00fana para fijar la fecha del paro general, el Gobierno recibir\u00e1 a los gremios de las cinco actividades m\u00e1s afectadas por los despidos, a fin de buscar alternativas para mejorar la complicada situaci\u00f3n que atraviesan esas industrias.<br \/>\nEn un \u00faltimo intento para desactivar la huelga general que anunciar\u00eda la CGT, el Ministerio de Producci\u00f3n y el de Trabajo organizaron esta convocatoria a los sindicatos metal\u00fargicos de la UOM, los mec\u00e1nicos de SMATA, Textiles, Calzado y Cer\u00e1micos.<br \/>\nEl encuentro se desarrollar\u00e1 -con horario a confirmar- en la sede de la cartera de Producci\u00f3n, donde estar\u00e1n el ministro anfitri\u00f3n, Francisco Cabrera, su par de Trabajo, Jorge Triaca, y el vicejefe de Gabinete, Mario Quintana.<br \/>\nSi bien los funcionarios no les anunciar\u00e1n a los gremios una rectificaci\u00f3n de las pol\u00edticas econ\u00f3micas tal como reclaman, propondr\u00e1n iniciativas para atenuar el impacto de algunas medidas que afectan a esos sectores, seg\u00fan trascendi\u00f3.<br \/>\nUno de los principales reclamos de los sindicatos industriales, que motorizaron la marcha de la CGT del martes pasado aunque finalmente no fueron los que m\u00e1s afiliados movilizaron, es la llegada de productos importados que est\u00e1n afectando la producci\u00f3n nacional por la imposibilidad de competir con los valores de las mercader\u00edas extranjeras.<br \/>\nHace dos semanas, la Asociaci\u00f3n Obrera Textil (AOT) advirti\u00f3 que en los \u00faltimos tiempos esa actividad sufri\u00f3 \"m\u00e1s de 3.600 suspensiones y cerca de 1.500 despidos\" por el cierre de \"casi una decena de establecimientos fabriles\", como consecuencia de la acumulaci\u00f3n de stocks y apertura de las importaciones.<br \/>\nPor su parte, el secretario general de la UOM, Antonio Cal\u00f3, denunci\u00f3 que en el sector metal\u00fargico ya se generaron unos \"9.000 despidos\" y otros \"15.000 suspendidos\" que tendr\u00edan que volver a trabajar este mes pero a\u00fan desconocen \"cu\u00e1l va a ser su futuro\".<\/p>\n","protected":false},"excerpt":{"rendered":"<p>Dos d\u00edas antes de que la CGT se re\u00fana para fijar la fecha del paro general, el Gobierno recibir\u00e1 a los gremios de las cinco actividades m\u00e1s afectadas por los despidos, a fin de buscar alternativas para mejorar la complicada situaci\u00f3n que atraviesan esas industrias. En un \u00faltimo intento para desactivar la huelga general que [&hellip;]<\/p>\n","protected":false},"author":1,"featured_media":106174,"comment_status":"open","ping_status":"open","sticky":false,"template":"","format":"standard","meta":{"_stopmodifiedupdate":false,"_modified_date":"","inline_featured_image":false},"categories":[5],"tags":[],"jetpack_featured_media_url":"https:\/\/notinor.com\/jujuy\/wp-content\/uploads\/2017\/02\/triaca.jpg","_links":{"self":[{"href":"https:\/\/notinor.com\/jujuy\/wp-json\/wp\/v2\/posts\/109753"}],"collection":[{"href":"https:\/\/notinor.com\/jujuy\/wp-json\/wp\/v2\/posts"}],"about":[{"href":"https:\/\/notinor.com\/jujuy\/wp-json\/wp\/v2\/types\/post"}],"author":[{"embeddable":true,"href":"https:\/\/notinor.com\/jujuy\/wp-json\/wp\/v2\/users\/1"}],"replies":[{"embeddable":true,"href":"https:\/\/notinor.com\/jujuy\/wp-json\/wp\/v2\/comments?post=109753"}],"version-history":[{"count":2,"href":"https:\/\/notinor.com\/jujuy\/wp-json\/wp\/v2\/posts\/109753\/revisions"}],"predecessor-version":[{"id":109755,"href":"https:\/\/notinor.com\/jujuy\/wp-json\/wp\/v2\/posts\/109753\/revisions\/109755"}],"wp:featuredmedia":[{"embeddable":true,"href":"https:\/\/notinor.com\/jujuy\/wp-json\/wp\/v2\/media\/106174"}],"wp:attachment":[{"href":"https:\/\/notinor.com\/jujuy\/wp-json\/wp\/v2\/media?parent=109753"}],"wp:term":[{"taxonomy":"category","embeddable":true,"href":"https:\/\/notinor.com\/jujuy\/wp-json\/wp\/v2\/categories?post=109753"},{"taxonomy":"post_tag","embeddable":true,"href":"https:\/\/notinor.com\/jujuy\/wp-json\/wp\/v2\/tags?post=109753"}],"curies":[{"name":"wp","href":"https:\/\/api.w.org\/{rel}","templated":true}]}}