{"id":109189,"date":"2017-03-07T00:00:36","date_gmt":"2017-03-07T03:00:36","guid":{"rendered":"http:\/\/notinor.com\/jujuy\/?p=109189"},"modified":"2017-03-07T09:05:18","modified_gmt":"2017-03-07T12:05:18","slug":"carnaval-en-la-ciudad-corsos-capitalinos-2017","status":"publish","type":"post","link":"https:\/\/notinor.com\/jujuy\/carnaval-en-la-ciudad-corsos-capitalinos-2017\/","title":{"rendered":"Carnaval en la Ciudad: Corsos Capitalinos 2017"},"content":{"rendered":"<p><a href=\"http:\/\/notinor.com\/jujuy\/wp-content\/uploads\/2017\/03\/Corsos-capitalinos2-2017.jpg\"><img decoding=\"async\" loading=\"lazy\" class=\"size-medium wp-image-109192 aligncenter\" src=\"http:\/\/notinor.com\/jujuy\/wp-content\/uploads\/2017\/03\/Corsos-capitalinos2-2017-300x199.jpg\" alt=\"Corsos capitalinos2 2017\" width=\"300\" height=\"199\" srcset=\"https:\/\/notinor.com\/jujuy\/wp-content\/uploads\/2017\/03\/Corsos-capitalinos2-2017-300x199.jpg 300w, https:\/\/notinor.com\/jujuy\/wp-content\/uploads\/2017\/03\/Corsos-capitalinos2-2017.jpg 800w\" sizes=\"(max-width: 300px) 100vw, 300px\" \/><\/a><\/p>\n<p>Desde las 19hs, la Av. General Savio, fue el lugar elegido para las m\u00e1s de 52 comparsas que desfilaron mostrando su alegr\u00eda, m\u00fasica, ritmo y color mediante sus danzas y magn\u00edficos trajes al ritmo de la saya, tinku, batucadas y carnavalitos.<\/p>\n<p>Una vez m\u00e1s el p\u00fablico dijo presente en esta \u00faltima noche, copando ambos m\u00e1rgenes de la avenida para ver el desfile de murgas art\u00edsticas, comparsas aut\u00f3ctonas, comparsas ind\u00edgenas y agrupaciones de danzas bolivianas.<\/p>\n<p>En ese contexto la Directora de Cultura del Municipio de San Salvador de Jujuy, Alejandra Guti\u00e9rrez, resalt\u00f3 la participaci\u00f3n de las comparsas y el acompa\u00f1amiento de las familias, que a\u00f1o tras a\u00f1o son m\u00e1s exigentes y populosas.<\/p>\n<p>Para finalizar, Alejandra Guti\u00e9rrez se anim\u00f3 a so\u00f1ar en el a\u00f1o pr\u00f3ximo: \"para el a\u00f1o que viene estamos esperando poder tener mayor participaci\u00f3n de comparsas, se est\u00e1n delineando posibles charlas con comparsas de otras provincias. El fin es ampliar el espectro, tanto en trajes y vestimenta como tambi\u00e9n en su desfile y bailes\".<\/p>\n<p>UN CARNAVAL DIFERENTE EN LA CIUDAD \u2013<\/p>\n<p>Por otro lado y cerrando esta \u00e9poca de alegr\u00eda y carnaval, la Directora remarc\u00f3 el trabajo que se llev\u00f3 adelante en Ciudad Cultural, acompa\u00f1ando a\u00a0 provincia en la previa del Carnaval de los Tekis.\u00a0 Un festival gratuito que se llev\u00f3 adelante al aire libre desde las 13 a las 19hs durante s\u00e1bado y domingo de carnaval, reviviendo el desentierro del Diablito, brindando m\u00fasica, color y alegr\u00eda a todas las familias de la ciudad, la provincia y el gran n\u00famero de turistas que se acercaron para compartir.<\/p>\n<p>En la oportunidad la Municipalidad entera estuvo interviniendo de manera rotunda en el accionar. Como en cada actividad desarrollada en Ciudad Cultural se cuenta con el trabajo de la Secretaria de Servicios P\u00fablicos, y la presencia activa de Servicios El\u00e9ctricos y Ornamentaci\u00f3n, Higiene Urbana, Espacios Verdes, Tr\u00e1nsito y Transporte ; a su vez la Secretar\u00eda de Obras P\u00fablicas; Cultura y Planificaci\u00f3n.<\/p>\n<p>&nbsp;<\/p>\n<p>&nbsp;<\/p>\n<p>&nbsp;<\/p>\n<p>&nbsp;<\/p>\n","protected":false},"excerpt":{"rendered":"<p>Desde las 19hs, la Av. General Savio, fue el lugar elegido para las m\u00e1s de 52 comparsas que desfilaron mostrando su alegr\u00eda, m\u00fasica, ritmo y color mediante sus danzas y magn\u00edficos trajes al ritmo de la saya, tinku, batucadas y carnavalitos. Una vez m\u00e1s el p\u00fablico dijo presente en esta \u00faltima noche, copando ambos m\u00e1rgenes [&hellip;]<\/p>\n","protected":false},"author":5,"featured_media":109191,"comment_status":"open","ping_status":"open","sticky":false,"template":"","format":"standard","meta":{"_stopmodifiedupdate":false,"_modified_date":"","inline_featured_image":false},"categories":[490],"tags":[],"jetpack_featured_media_url":"https:\/\/notinor.com\/jujuy\/wp-content\/uploads\/2017\/03\/Corsos-capitalinos-2017.jpg","_links":{"self":[{"href":"https:\/\/notinor.com\/jujuy\/wp-json\/wp\/v2\/posts\/109189"}],"collection":[{"href":"https:\/\/notinor.com\/jujuy\/wp-json\/wp\/v2\/posts"}],"about":[{"href":"https:\/\/notinor.com\/jujuy\/wp-json\/wp\/v2\/types\/post"}],"author":[{"embeddable":true,"href":"https:\/\/notinor.com\/jujuy\/wp-json\/wp\/v2\/users\/5"}],"replies":[{"embeddable":true,"href":"https:\/\/notinor.com\/jujuy\/wp-json\/wp\/v2\/comments?post=109189"}],"version-history":[{"count":2,"href":"https:\/\/notinor.com\/jujuy\/wp-json\/wp\/v2\/posts\/109189\/revisions"}],"predecessor-version":[{"id":109193,"href":"https:\/\/notinor.com\/jujuy\/wp-json\/wp\/v2\/posts\/109189\/revisions\/109193"}],"wp:featuredmedia":[{"embeddable":true,"href":"https:\/\/notinor.com\/jujuy\/wp-json\/wp\/v2\/media\/109191"}],"wp:attachment":[{"href":"https:\/\/notinor.com\/jujuy\/wp-json\/wp\/v2\/media?parent=109189"}],"wp:term":[{"taxonomy":"category","embeddable":true,"href":"https:\/\/notinor.com\/jujuy\/wp-json\/wp\/v2\/categories?post=109189"},{"taxonomy":"post_tag","embeddable":true,"href":"https:\/\/notinor.com\/jujuy\/wp-json\/wp\/v2\/tags?post=109189"}],"curies":[{"name":"wp","href":"https:\/\/api.w.org\/{rel}","templated":true}]}}