{"id":109102,"date":"2017-03-07T00:00:43","date_gmt":"2017-03-07T03:00:43","guid":{"rendered":"http:\/\/notinor.com\/jujuy\/?p=109102"},"modified":"2017-03-06T22:19:57","modified_gmt":"2017-03-07T01:19:57","slug":"cristina-kirchner-enfrenta-su-tercera-indagatoria-desde-que-dejo-la-presidencia","status":"publish","type":"post","link":"https:\/\/notinor.com\/jujuy\/cristina-kirchner-enfrenta-su-tercera-indagatoria-desde-que-dejo-la-presidencia\/","title":{"rendered":"Cristina Kirchner enfrenta su tercera indagatoria desde que dej\u00f3 la presidencia"},"content":{"rendered":"<p><a href=\"http:\/\/notinor.com\/jujuy\/wp-content\/uploads\/2017\/03\/cristina-declara.jpg\"><img decoding=\"async\" loading=\"lazy\" class=\"alignnone size-full wp-image-109103\" src=\"http:\/\/notinor.com\/jujuy\/wp-content\/uploads\/2017\/03\/cristina-declara.jpg\" alt=\"cristina declara\" width=\"645\" height=\"362\" srcset=\"https:\/\/notinor.com\/jujuy\/wp-content\/uploads\/2017\/03\/cristina-declara.jpg 645w, https:\/\/notinor.com\/jujuy\/wp-content\/uploads\/2017\/03\/cristina-declara-300x168.jpg 300w, https:\/\/notinor.com\/jujuy\/wp-content\/uploads\/2017\/03\/cristina-declara-199x112.jpg 199w, https:\/\/notinor.com\/jujuy\/wp-content\/uploads\/2017\/03\/cristina-declara-616x345.jpg 616w\" sizes=\"(max-width: 645px) 100vw, 645px\" \/><\/a><\/p>\n<p>La ex presidenta Cristina Fern\u00e1ndez de Kirchner deber\u00e1 presentarse este martes en los tribunales federales de Comodoro Py para prestar su tercera declaraci\u00f3n indagatoria desde que dej\u00f3 el Poder Ejecutivo en diciembre de 2015.<br \/>\nLa ex jefa de Estado tendr\u00e1 que presentarse a declarar en la causa Los Sauces, en la que se la acusa de haber cobrado retornos de parte de empresarios concesionarios de obras p\u00fablicas a trav\u00e9s del alquiler de inmuebles que administraba la firma de la ex familia presidencial.<br \/>\nSer\u00e1 la segunda vez que declara ante el juez Claudio Bonadio, pero la primera que lo hace en un caso en el que la investiga por la presunta comisi\u00f3n de un delito de corrupci\u00f3n dado que antes la indag\u00f3 en la causa del D\u00f3lar Futuro, en la que luego la proces\u00f3 por \"administraci\u00f3n infiel\".<br \/>\nLa \u00faltima vez que la la ex mandataria estuvo en los tribunales federales de Retiro fue en octubre pasado cuando declar\u00f3 ante el juez federal Juli\u00e1n Ercolini, quien luego la proces\u00f3 por el supuesto direccionamiento de las adjudicaciones de obra p\u00fablica en favor de empresarios cercanos al gobierno anterior.<br \/>\nLa ex mandataria tiene previsto llegar ma\u00f1ana a Comodoro Py antes de las 9 junto con su abogado Carlos Beraldi y el grupo de dirigentes y ex funcionarios que la acompa\u00f1a habitualmente, entre los que se destaca el ex jefe de los servicios de Inteligencia Oscar Parrilli.<br \/>\nLa indagatoria de Cristina Kirchner se producir\u00e1 el mismo d\u00eda en el que est\u00e1 convocada la jornada de protesta y movilizaci\u00f3n convocada por la Confederaci\u00f3n General del Trabajo (CGT), por lo que la ex mandataria pidi\u00f3 que sus seguidores no se movilicen a los tribunales de Comodoro Py.<br \/>\n\"El 7, yo lo veo a Bonadio, pero por favor... Ustedes hagan que el Gobierno vea al Pueblo. Marchen junto a los trabajadores y trabajadoras\", escribi\u00f3 la ex presidenta d\u00edas atr\u00e1s en su cuenta personal de la red social Twitter.<br \/>\nM\u00e1s all\u00e1 del pedido de la ex mandataria, los tribunales de Retiro permanec\u00edan esta tarde vallados tal como hab\u00edan amanecido de cara a las indagatorias de los hijos del ex matrimonio presidencial, M\u00e1ximo y Florencia Kirchner, quienes declararon esta ma\u00f1ana.<br \/>\nLos hijos de la ex presidenta pidieron hoy ser sobrese\u00eddos en la causa conocida como Los Sauces, a la que tildaron de \"disparate\" y aseguraron que forma parte de una campa\u00f1a de persecuci\u00f3n pol\u00edtica contra su familia Kirchner con el fin de \"proscribir\" a la madre de ambos.<br \/>\nEn sendos escritos, los hermanos Kirchner defendieron la actividad de la inmobiliaria familiar Los Sauces y afirmaron que fueron legales los alquileres de sus propiedades a contratistas del Estado durante el gobierno kirchnerista.<br \/>\nLos hijos de la ex presidenta eligieron no responder preguntas, lo mismo que hizo la ex mandataria en sus dos presentaciones anteriores en las que present\u00f3 escritos y realiz\u00f3 alegatos de alto contenido pol\u00edtico y cargados de acusaciones contra el Poder Judicial y el gobierno actual.<\/p>\n","protected":false},"excerpt":{"rendered":"<p>La ex presidenta Cristina Fern\u00e1ndez de Kirchner deber\u00e1 presentarse este martes en los tribunales federales de Comodoro Py para prestar su tercera declaraci\u00f3n indagatoria desde que dej\u00f3 el Poder Ejecutivo en diciembre de 2015. La ex jefa de Estado tendr\u00e1 que presentarse a declarar en la causa Los Sauces, en la que se la acusa [&hellip;]<\/p>\n","protected":false},"author":1,"featured_media":109103,"comment_status":"open","ping_status":"open","sticky":false,"template":"","format":"standard","meta":{"_stopmodifiedupdate":false,"_modified_date":"","inline_featured_image":false},"categories":[5],"tags":[],"jetpack_featured_media_url":"https:\/\/notinor.com\/jujuy\/wp-content\/uploads\/2017\/03\/cristina-declara.jpg","_links":{"self":[{"href":"https:\/\/notinor.com\/jujuy\/wp-json\/wp\/v2\/posts\/109102"}],"collection":[{"href":"https:\/\/notinor.com\/jujuy\/wp-json\/wp\/v2\/posts"}],"about":[{"href":"https:\/\/notinor.com\/jujuy\/wp-json\/wp\/v2\/types\/post"}],"author":[{"embeddable":true,"href":"https:\/\/notinor.com\/jujuy\/wp-json\/wp\/v2\/users\/1"}],"replies":[{"embeddable":true,"href":"https:\/\/notinor.com\/jujuy\/wp-json\/wp\/v2\/comments?post=109102"}],"version-history":[{"count":1,"href":"https:\/\/notinor.com\/jujuy\/wp-json\/wp\/v2\/posts\/109102\/revisions"}],"predecessor-version":[{"id":109104,"href":"https:\/\/notinor.com\/jujuy\/wp-json\/wp\/v2\/posts\/109102\/revisions\/109104"}],"wp:featuredmedia":[{"embeddable":true,"href":"https:\/\/notinor.com\/jujuy\/wp-json\/wp\/v2\/media\/109103"}],"wp:attachment":[{"href":"https:\/\/notinor.com\/jujuy\/wp-json\/wp\/v2\/media?parent=109102"}],"wp:term":[{"taxonomy":"category","embeddable":true,"href":"https:\/\/notinor.com\/jujuy\/wp-json\/wp\/v2\/categories?post=109102"},{"taxonomy":"post_tag","embeddable":true,"href":"https:\/\/notinor.com\/jujuy\/wp-json\/wp\/v2\/tags?post=109102"}],"curies":[{"name":"wp","href":"https:\/\/api.w.org\/{rel}","templated":true}]}}