{"id":107681,"date":"2017-02-20T00:00:23","date_gmt":"2017-02-20T03:00:23","guid":{"rendered":"http:\/\/notinor.com\/jujuy\/?p=107681"},"modified":"2017-02-20T00:15:21","modified_gmt":"2017-02-20T03:15:21","slug":"morales-solicita-a-los-docentes-un-esfuerzo-para-comienzar-las-clases","status":"publish","type":"post","link":"https:\/\/notinor.com\/jujuy\/morales-solicita-a-los-docentes-un-esfuerzo-para-comienzar-las-clases\/","title":{"rendered":"Morales solicita a los docentes un esfuerzo para comenzar las clases"},"content":{"rendered":"<p><a href=\"http:\/\/notinor.com\/jujuy\/wp-content\/uploads\/2017\/01\/morales-tabac.jpg\"><img decoding=\"async\" loading=\"lazy\" class=\"alignnone size-full wp-image-103387\" src=\"http:\/\/notinor.com\/jujuy\/wp-content\/uploads\/2017\/01\/morales-tabac.jpg\" alt=\"morales-tabac\" width=\"800\" height=\"533\" srcset=\"https:\/\/notinor.com\/jujuy\/wp-content\/uploads\/2017\/01\/morales-tabac.jpg 800w, https:\/\/notinor.com\/jujuy\/wp-content\/uploads\/2017\/01\/morales-tabac-300x200.jpg 300w\" sizes=\"(max-width: 800px) 100vw, 800px\" \/><\/a><\/p>\n<p>El gobernador Gerardo Morales destac\u00f3 el valor de los espacios de di\u00e1logo que autoridades provinciales mantienen con gremios docentes, a los fines de construir acuerdos que perfilen la pauta salarial 2017 y as\u00ed encaminar el normal inicio del ciclo lectivo.<\/p>\n<div>\u201cEstamos sentados en paritarias, discutiendo los componentes para los docentes\u201d, indic\u00f3 y puntualiz\u00f3 que \u201cla idea es terminar la discusi\u00f3n y hacer todos los esfuerzos necesarios para garantizar el normal inicio de clases, m\u00e1s all\u00e1 de las dificultades que tenemos en materia de recursos\u201d.<\/div>\n<div>En este sentido, record\u00f3 que la \u00faltima modificaci\u00f3n del Impuesto a las Ganancias redujo 500 millones de pesos el flujo de coparticipaci\u00f3n.<\/div>\n<div>A prop\u00f3sito de los fondos coparticipables, el mandatario se\u00f1al\u00f3 que \u201cse viene una rediscusi\u00f3n sobre el equema de reparto que la misma Naci\u00f3n est\u00e1 planteando, a trav\u00e9s del Ministerio del Interior\u201d.<\/div>\n<div>Enfatiz\u00f3 que \u201cel di\u00e1logo es importante y saludable y las provincias tenemos que encararlo\u201d.<\/div>\n<div>Ampli\u00f3 sus conceptos, puntualizando que \u201cactualmente de cada 100 pesos, 30 son para las provincias, sumado a ello un fondo importante de perfil discresional\u201d.<\/div>\n<div>Finalmente, Morales consign\u00f3 que el Gobierno de la Naci\u00f3n \u201cpone sobre la mesa de discusi\u00f3n un reparto 50 y 50\u201d.<\/div>\n","protected":false},"excerpt":{"rendered":"<p>El gobernador Gerardo Morales destac\u00f3 el valor de los espacios de di\u00e1logo que autoridades provinciales mantienen con gremios docentes, a los fines de construir acuerdos que perfilen la pauta salarial 2017 y as\u00ed encaminar el normal inicio del ciclo lectivo. \u201cEstamos sentados en paritarias, discutiendo los componentes para los docentes\u201d, indic\u00f3 y puntualiz\u00f3 que \u201cla [&hellip;]<\/p>\n","protected":false},"author":1,"featured_media":103387,"comment_status":"open","ping_status":"open","sticky":false,"template":"","format":"standard","meta":{"_stopmodifiedupdate":false,"_modified_date":"","inline_featured_image":false},"categories":[493],"tags":[],"jetpack_featured_media_url":"https:\/\/notinor.com\/jujuy\/wp-content\/uploads\/2017\/01\/morales-tabac.jpg","_links":{"self":[{"href":"https:\/\/notinor.com\/jujuy\/wp-json\/wp\/v2\/posts\/107681"}],"collection":[{"href":"https:\/\/notinor.com\/jujuy\/wp-json\/wp\/v2\/posts"}],"about":[{"href":"https:\/\/notinor.com\/jujuy\/wp-json\/wp\/v2\/types\/post"}],"author":[{"embeddable":true,"href":"https:\/\/notinor.com\/jujuy\/wp-json\/wp\/v2\/users\/1"}],"replies":[{"embeddable":true,"href":"https:\/\/notinor.com\/jujuy\/wp-json\/wp\/v2\/comments?post=107681"}],"version-history":[{"count":2,"href":"https:\/\/notinor.com\/jujuy\/wp-json\/wp\/v2\/posts\/107681\/revisions"}],"predecessor-version":[{"id":107704,"href":"https:\/\/notinor.com\/jujuy\/wp-json\/wp\/v2\/posts\/107681\/revisions\/107704"}],"wp:featuredmedia":[{"embeddable":true,"href":"https:\/\/notinor.com\/jujuy\/wp-json\/wp\/v2\/media\/103387"}],"wp:attachment":[{"href":"https:\/\/notinor.com\/jujuy\/wp-json\/wp\/v2\/media?parent=107681"}],"wp:term":[{"taxonomy":"category","embeddable":true,"href":"https:\/\/notinor.com\/jujuy\/wp-json\/wp\/v2\/categories?post=107681"},{"taxonomy":"post_tag","embeddable":true,"href":"https:\/\/notinor.com\/jujuy\/wp-json\/wp\/v2\/tags?post=107681"}],"curies":[{"name":"wp","href":"https:\/\/api.w.org\/{rel}","templated":true}]}}