{"id":107532,"date":"2017-02-18T00:12:27","date_gmt":"2017-02-18T03:12:27","guid":{"rendered":"http:\/\/notinor.com\/jujuy\/?p=107532"},"modified":"2017-02-17T22:01:18","modified_gmt":"2017-02-18T01:01:18","slug":"precio-del-tabaco-sin-definiciones-y-lejos-del-pedido-de-los-productores-tabacaleros","status":"publish","type":"post","link":"https:\/\/notinor.com\/jujuy\/precio-del-tabaco-sin-definiciones-y-lejos-del-pedido-de-los-productores-tabacaleros\/","title":{"rendered":"Precio del Tabaco: Sin definiciones y lejos del pedido de los productores tabacaleros"},"content":{"rendered":"<p><a href=\"http:\/\/notinor.com\/jujuy\/wp-content\/uploads\/2017\/02\/Pascutini1.jpg\"><img decoding=\"async\" loading=\"lazy\" class=\"alignnone size-full wp-image-107539\" src=\"http:\/\/notinor.com\/jujuy\/wp-content\/uploads\/2017\/02\/Pascutini1.jpg\" alt=\"Pascutini\" width=\"1000\" height=\"710\" srcset=\"https:\/\/notinor.com\/jujuy\/wp-content\/uploads\/2017\/02\/Pascutini1.jpg 1000w, https:\/\/notinor.com\/jujuy\/wp-content\/uploads\/2017\/02\/Pascutini1-300x213.jpg 300w, https:\/\/notinor.com\/jujuy\/wp-content\/uploads\/2017\/02\/Pascutini1-314x224.jpg 314w, https:\/\/notinor.com\/jujuy\/wp-content\/uploads\/2017\/02\/Pascutini1-120x86.jpg 120w, https:\/\/notinor.com\/jujuy\/wp-content\/uploads\/2017\/02\/Pascutini1-350x250.jpg 350w\" sizes=\"(max-width: 1000px) 100vw, 1000px\" \/><\/a><\/p>\n<p>&nbsp;<\/p>\n<p>\"No hemos tenido \u00a0ning\u00fan tipo de entendimiento, el ofrecimiento que nos realizaron los comparadores \u00a0era de un 5% y es inaceptable de parte nuestra\" manifest\u00f3\u00a0el titular de la C\u00e1mara de Tabaco, Pedro Pascuttini.<\/p>\n<p>Esto en referencia a que no se ha determinado el precio de\u00a0 acopio de esta campa\u00f1a. Por tal motivo esto para el productor \u00a0en un probable que se seguir\u00e1 agudizando \"entendemos que esto sigue agravando m\u00e1s la situaci\u00f3n que estamos\u00a0atravesando por sobre todo la forma del acopio, de los recibo, en los cuales \u00a0el productor es el m\u00e1s perjudicado\" enfatiz\u00f3.<\/p>\n<p>En tal sentido Pascuttini afirm\u00f3 que se est\u00e1n realizando acciones pertinentes a llegar a un entendimiento, \"sabemos que es una comercializaci\u00f3n por eso debe ser equitativa y debe ser buscando que todos sigamos estando en esta cadena de la actividad tabacalera\".<\/p>\n<p><a href=\"http:\/\/notinor.com\/jujuy\/wp-content\/uploads\/2016\/08\/tabaco.jpg\"><img decoding=\"async\" loading=\"lazy\" class=\"alignnone size-full wp-image-86775\" src=\"http:\/\/notinor.com\/jujuy\/wp-content\/uploads\/2016\/08\/tabaco.jpg\" alt=\"tabaco\" width=\"1000\" height=\"750\" srcset=\"https:\/\/notinor.com\/jujuy\/wp-content\/uploads\/2016\/08\/tabaco.jpg 1000w, https:\/\/notinor.com\/jujuy\/wp-content\/uploads\/2016\/08\/tabaco-300x225.jpg 300w, https:\/\/notinor.com\/jujuy\/wp-content\/uploads\/2016\/08\/tabaco-900x675.jpg 900w\" sizes=\"(max-width: 1000px) 100vw, 1000px\" \/><\/a><\/p>\n<p>El presidente de la C\u00e1mara de Tabaco, enfatizo que Jujuy esta con dificultades en cuanto a la compra del tabaco \"hemos echo el reclamo tanto a Alliance One como\u00a0Massalin, por la forma de compra y tambi\u00e9n la discriminalidad en cuanto a lo que hace al color, calidad.\u00a0no se respeta el patr\u00f3n tipo y all\u00ed vinieron nuestro reclamo\".<\/p>\n<p>Desde la primera reuni\u00f3n en Salta se busco el reconocimiento en todo lo que hace al costo de producci\u00f3n, explic\u00f3 Pascuttini, \"tanto el que\u00a0hemos tenido y seguimos teniendo en cuanto al incremento del gas y la energ\u00eda. todo esto lo hemos volcado entre un 35 y 40% a un 5% que ofrecen es inaceptable\".<\/p>\n<p>Al igual que el a\u00f1o pasado esta tambi\u00e9n sera una negociaci\u00f3n dif\u00edcil, es por ello que resalta los sacrificios del \u00a0productor y el reconocimiento que se merecen\u00a0\"es cuesti\u00f3n de que los compradores entiendan y podamos llegar a un precio posible que nos permita poder seguir produciendo\".<\/p>\n<p>Para finalizar Pascuttini dej\u00f3 un mensaje para los productores de salta y Jujuy \"debemos seguir peleando y luchando por lo que es nuestro y nos corresponde. Sabemos que tenemos l\u00edmites que es el mercado internacional . pero creo que el porcentaje que nos han ofrecido no lo podemos aceptar\".<\/p>\n","protected":false},"excerpt":{"rendered":"<p>&nbsp; \"No hemos tenido \u00a0ning\u00fan tipo de entendimiento, el ofrecimiento que nos realizaron los comparadores \u00a0era de un 5% y es inaceptable de parte nuestra\" manifest\u00f3\u00a0el titular de la C\u00e1mara de Tabaco, Pedro Pascuttini. Esto en referencia a que no se ha determinado el precio de\u00a0 acopio de esta campa\u00f1a. Por tal motivo esto para [&hellip;]<\/p>\n","protected":false},"author":1,"featured_media":107539,"comment_status":"open","ping_status":"open","sticky":false,"template":"","format":"standard","meta":{"_stopmodifiedupdate":false,"_modified_date":"","inline_featured_image":false},"categories":[493],"tags":[],"jetpack_featured_media_url":"https:\/\/notinor.com\/jujuy\/wp-content\/uploads\/2017\/02\/Pascutini1.jpg","_links":{"self":[{"href":"https:\/\/notinor.com\/jujuy\/wp-json\/wp\/v2\/posts\/107532"}],"collection":[{"href":"https:\/\/notinor.com\/jujuy\/wp-json\/wp\/v2\/posts"}],"about":[{"href":"https:\/\/notinor.com\/jujuy\/wp-json\/wp\/v2\/types\/post"}],"author":[{"embeddable":true,"href":"https:\/\/notinor.com\/jujuy\/wp-json\/wp\/v2\/users\/1"}],"replies":[{"embeddable":true,"href":"https:\/\/notinor.com\/jujuy\/wp-json\/wp\/v2\/comments?post=107532"}],"version-history":[{"count":1,"href":"https:\/\/notinor.com\/jujuy\/wp-json\/wp\/v2\/posts\/107532\/revisions"}],"predecessor-version":[{"id":107540,"href":"https:\/\/notinor.com\/jujuy\/wp-json\/wp\/v2\/posts\/107532\/revisions\/107540"}],"wp:featuredmedia":[{"embeddable":true,"href":"https:\/\/notinor.com\/jujuy\/wp-json\/wp\/v2\/media\/107539"}],"wp:attachment":[{"href":"https:\/\/notinor.com\/jujuy\/wp-json\/wp\/v2\/media?parent=107532"}],"wp:term":[{"taxonomy":"category","embeddable":true,"href":"https:\/\/notinor.com\/jujuy\/wp-json\/wp\/v2\/categories?post=107532"},{"taxonomy":"post_tag","embeddable":true,"href":"https:\/\/notinor.com\/jujuy\/wp-json\/wp\/v2\/tags?post=107532"}],"curies":[{"name":"wp","href":"https:\/\/api.w.org\/{rel}","templated":true}]}}