{"id":107495,"date":"2017-02-17T00:27:13","date_gmt":"2017-02-17T03:27:13","guid":{"rendered":"http:\/\/notinor.com\/jujuy\/?p=107495"},"modified":"2017-02-17T03:55:21","modified_gmt":"2017-02-17T06:55:21","slug":"morales-recorrio-aceros-zapla-para-analizar-los-proyectos-que-se-pondran-en-marcha","status":"publish","type":"post","link":"https:\/\/notinor.com\/jujuy\/morales-recorrio-aceros-zapla-para-analizar-los-proyectos-que-se-pondran-en-marcha\/","title":{"rendered":"Morales recorri\u00f3 Aceros Zapla para analizar los proyectos que se pondr\u00e1n en marcha"},"content":{"rendered":"<p><a href=\"http:\/\/notinor.com\/jujuy\/wp-content\/uploads\/2017\/02\/morales-aceros-zapla.jpg\"><img decoding=\"async\" loading=\"lazy\" class=\"alignnone size-full wp-image-107499\" src=\"http:\/\/notinor.com\/jujuy\/wp-content\/uploads\/2017\/02\/morales-aceros-zapla.jpg\" alt=\"morales aceros zapla\" width=\"1024\" height=\"719\" srcset=\"https:\/\/notinor.com\/jujuy\/wp-content\/uploads\/2017\/02\/morales-aceros-zapla.jpg 1024w, https:\/\/notinor.com\/jujuy\/wp-content\/uploads\/2017\/02\/morales-aceros-zapla-300x211.jpg 300w\" sizes=\"(max-width: 1024px) 100vw, 1024px\" \/><\/a><\/p>\n<p>El mandatario junto al presidente del Directorio, Sergio Tasselli, analizaron la diversidad de proyectos que se pondr\u00e1n en marcha para la reutilizaci\u00f3n de distintos sectores y servicios de la planta industrial.<\/p>\n<p>Estuvieron presentes el secretario de Desarrollo Industrial y Comercial, Diego Su\u00e1rez; el director de Industria y Comercio, Jos\u00e9 Rossetto; y los gerentes de Planta y Relaciones Institucionales de la empresa, Ing. Eduardo Dudziak y Vicente Costa, respectivamente.<\/p>\n<p>El mandatario expres\u00f3 que durante la visita al centro sider\u00fargico pudieron visibilizar las inversiones realizadas, las cuales permitieron aumentar la capacidad de producci\u00f3n de aceros para la construcci\u00f3n, lo que permiti\u00f3 una mejora en las ventas en enero y febrero de 2017, manteni\u00e9ndose como una continua fuente de trabajo.<\/p>\n<p>\u201cUna de las \u00faltimas inversiones tiene que ver con una nueva planta de ox\u00edgeno que se va a poner en funcionamiento, adem\u00e1s pudimos ver la planta de laminaci\u00f3n y la l\u00ednea de producci\u00f3n de hierros y aceros para la construcci\u00f3n; esta es una planta que genera trabajo y producci\u00f3n en Jujuy\u201d, destac\u00f3 Morales.<\/p>\n<p>En cuanto a futuros proyectos, el gobernador resalt\u00f3 que \u201cexiste la posibilidad de llevar adelante un parque industrial privado, con instalaciones que est\u00e1n subutilizadas, galpones y servicios disponibles que pueden ponerse en valor para determinadas producciones\u201d.<\/p>\n","protected":false},"excerpt":{"rendered":"<p>El mandatario junto al presidente del Directorio, Sergio Tasselli, analizaron la diversidad de proyectos que se pondr\u00e1n en marcha para la reutilizaci\u00f3n de distintos sectores y servicios de la planta industrial. Estuvieron presentes el secretario de Desarrollo Industrial y Comercial, Diego Su\u00e1rez; el director de Industria y Comercio, Jos\u00e9 Rossetto; y los gerentes de Planta [&hellip;]<\/p>\n","protected":false},"author":1,"featured_media":107499,"comment_status":"open","ping_status":"open","sticky":false,"template":"","format":"standard","meta":{"_stopmodifiedupdate":false,"_modified_date":"","inline_featured_image":false},"categories":[493],"tags":[],"jetpack_featured_media_url":"https:\/\/notinor.com\/jujuy\/wp-content\/uploads\/2017\/02\/morales-aceros-zapla.jpg","_links":{"self":[{"href":"https:\/\/notinor.com\/jujuy\/wp-json\/wp\/v2\/posts\/107495"}],"collection":[{"href":"https:\/\/notinor.com\/jujuy\/wp-json\/wp\/v2\/posts"}],"about":[{"href":"https:\/\/notinor.com\/jujuy\/wp-json\/wp\/v2\/types\/post"}],"author":[{"embeddable":true,"href":"https:\/\/notinor.com\/jujuy\/wp-json\/wp\/v2\/users\/1"}],"replies":[{"embeddable":true,"href":"https:\/\/notinor.com\/jujuy\/wp-json\/wp\/v2\/comments?post=107495"}],"version-history":[{"count":4,"href":"https:\/\/notinor.com\/jujuy\/wp-json\/wp\/v2\/posts\/107495\/revisions"}],"predecessor-version":[{"id":107504,"href":"https:\/\/notinor.com\/jujuy\/wp-json\/wp\/v2\/posts\/107495\/revisions\/107504"}],"wp:featuredmedia":[{"embeddable":true,"href":"https:\/\/notinor.com\/jujuy\/wp-json\/wp\/v2\/media\/107499"}],"wp:attachment":[{"href":"https:\/\/notinor.com\/jujuy\/wp-json\/wp\/v2\/media?parent=107495"}],"wp:term":[{"taxonomy":"category","embeddable":true,"href":"https:\/\/notinor.com\/jujuy\/wp-json\/wp\/v2\/categories?post=107495"},{"taxonomy":"post_tag","embeddable":true,"href":"https:\/\/notinor.com\/jujuy\/wp-json\/wp\/v2\/tags?post=107495"}],"curies":[{"name":"wp","href":"https:\/\/api.w.org\/{rel}","templated":true}]}}