{"id":107324,"date":"2017-02-15T18:12:41","date_gmt":"2017-02-15T21:12:41","guid":{"rendered":"http:\/\/notinor.com\/jujuy\/?p=107324"},"modified":"2017-02-16T01:15:39","modified_gmt":"2017-02-16T04:15:39","slug":"elevan-a-juicio-oral-la-causa-por-fraude-a-la-administracion-publica-contra-milagro-sala","status":"publish","type":"post","link":"https:\/\/notinor.com\/jujuy\/elevan-a-juicio-oral-la-causa-por-fraude-a-la-administracion-publica-contra-milagro-sala\/","title":{"rendered":"Elevan a juicio oral la causa por fraude a la administraci\u00f3n p\u00fablica contra Milagro Sala"},"content":{"rendered":"<p><a href=\"http:\/\/notinor.com\/jujuy\/wp-content\/uploads\/2016\/12\/milagro-sala-justicia-juicio.jpg\"><img decoding=\"async\" loading=\"lazy\" class=\"alignnone size-full wp-image-101669\" src=\"http:\/\/notinor.com\/jujuy\/wp-content\/uploads\/2016\/12\/milagro-sala-justicia-juicio.jpg\" alt=\"milagro-sala-justicia-juicio\" width=\"960\" height=\"720\" srcset=\"https:\/\/notinor.com\/jujuy\/wp-content\/uploads\/2016\/12\/milagro-sala-justicia-juicio.jpg 960w, https:\/\/notinor.com\/jujuy\/wp-content\/uploads\/2016\/12\/milagro-sala-justicia-juicio-300x225.jpg 300w, https:\/\/notinor.com\/jujuy\/wp-content\/uploads\/2016\/12\/milagro-sala-justicia-juicio-900x675.jpg 900w\" sizes=\"(max-width: 960px) 100vw, 960px\" \/><\/a><\/p>\n<p>Sala es acusada por \"fraude a la administraci\u00f3n p\u00fablica, asociaci\u00f3n il\u00edcita y extorsi\u00f3n\" en la causa donde se investiga el desv\u00edo de fondos p\u00fablicos destinados a la construcci\u00f3n de viviendas sociales, informaron hoy fuentes judiciales.<br \/>\nLa causa estima que la defraudaci\u00f3n llega a unos 60 millones de pesos, de los cuales 29 millones cobrados por las cooperativas para obras de un plan de vivienda, \"Vivir Mejor II\", que, seg\u00fan la Fiscal\u00eda, no fueron ejecutados.<\/p>\n<p>Sala, quien fue detenida el 16 de enero de 2016 y permanece en prisi\u00f3n desde entonces, est\u00e1 imputada adem\u00e1s como \"jefa de la asociaci\u00f3n il\u00edcita\" junto con 31 personas, entre las cuales se encuentran cooperativistas de la agrupaci\u00f3n Tupac Amaru, ex funcionarios provinciales y municipales, que deb\u00edan controlar las construcciones a cargo de la agrupaci\u00f3n, con financiamiento del Estado nacional.<\/p>\n<p>La investigaci\u00f3n incluye el video que registr\u00f3 a miembros de la Tupac Amaru retirando 14 millones de pesos del Banco Naci\u00f3n en Jujuy en diciembre del a\u00f1o 2015, a lo que se suma la pesquisa sobre el manejo de fondos p\u00fablicos por parte cooperativistas de la ciudad de Palpal\u00e1 y la dirigente juje\u00f1a tambi\u00e9n encarcelada Graciela L\u00f3pez.<\/p>\n<p>Entre las imputaciones que comprende a los dem\u00e1s acusados se destacan los delitos de \u201cfraude a la administraci\u00f3n p\u00fablica\u201d, \u201cfalsedad ideol\u00f3gica\u201d y conformaci\u00f3n de una \u201casociaci\u00f3n il\u00edcita\u201d.<\/p>\n<p>En la causa proceder\u00e1n como querellantes el Fiscal de Estado de Jujuy, Mariano Miranda y el titular de la Oficina Anticorrupci\u00f3n (OA) provincial, Gast\u00f3n Mill\u00f3n Quintana.<\/p>\n<p>El Juez de Control N\u00ba1, Gast\u00f3n Mercau, actuante en esta causa resolvi\u00f3 rechazar la totalidad de presentadas sentadas en oposici\u00f3n al requerimiento de elevaci\u00f3n a juicio realizada por el representante provincial del Ministerio P\u00fablico Fiscal, Diego Cussel, seg\u00fan confirmaron a T\u00e9lam fuentes judiciales.<\/p>\n<p>Asimismo el magistrado declar\u00f3 \u201cclausurada la etapa de investigaci\u00f3n judicial\u201d y en consecuencia dispuso la elevaci\u00f3n a juicio de la causa que le corresponder\u00e1 seguir al Tribunal en lo Criminal N\u00ba3 de Jujuy.<\/p>\n","protected":false},"excerpt":{"rendered":"<p>Sala es acusada por \"fraude a la administraci\u00f3n p\u00fablica, asociaci\u00f3n il\u00edcita y extorsi\u00f3n\" en la causa donde se investiga el desv\u00edo de fondos p\u00fablicos destinados a la construcci\u00f3n de viviendas sociales, informaron hoy fuentes judiciales. La causa estima que la defraudaci\u00f3n llega a unos 60 millones de pesos, de los cuales 29 millones cobrados por [&hellip;]<\/p>\n","protected":false},"author":1,"featured_media":101669,"comment_status":"open","ping_status":"open","sticky":false,"template":"","format":"standard","meta":{"_stopmodifiedupdate":false,"_modified_date":"","inline_featured_image":false},"categories":[493,485],"tags":[],"jetpack_featured_media_url":"https:\/\/notinor.com\/jujuy\/wp-content\/uploads\/2016\/12\/milagro-sala-justicia-juicio.jpg","_links":{"self":[{"href":"https:\/\/notinor.com\/jujuy\/wp-json\/wp\/v2\/posts\/107324"}],"collection":[{"href":"https:\/\/notinor.com\/jujuy\/wp-json\/wp\/v2\/posts"}],"about":[{"href":"https:\/\/notinor.com\/jujuy\/wp-json\/wp\/v2\/types\/post"}],"author":[{"embeddable":true,"href":"https:\/\/notinor.com\/jujuy\/wp-json\/wp\/v2\/users\/1"}],"replies":[{"embeddable":true,"href":"https:\/\/notinor.com\/jujuy\/wp-json\/wp\/v2\/comments?post=107324"}],"version-history":[{"count":1,"href":"https:\/\/notinor.com\/jujuy\/wp-json\/wp\/v2\/posts\/107324\/revisions"}],"predecessor-version":[{"id":107325,"href":"https:\/\/notinor.com\/jujuy\/wp-json\/wp\/v2\/posts\/107324\/revisions\/107325"}],"wp:featuredmedia":[{"embeddable":true,"href":"https:\/\/notinor.com\/jujuy\/wp-json\/wp\/v2\/media\/101669"}],"wp:attachment":[{"href":"https:\/\/notinor.com\/jujuy\/wp-json\/wp\/v2\/media?parent=107324"}],"wp:term":[{"taxonomy":"category","embeddable":true,"href":"https:\/\/notinor.com\/jujuy\/wp-json\/wp\/v2\/categories?post=107324"},{"taxonomy":"post_tag","embeddable":true,"href":"https:\/\/notinor.com\/jujuy\/wp-json\/wp\/v2\/tags?post=107324"}],"curies":[{"name":"wp","href":"https:\/\/api.w.org\/{rel}","templated":true}]}}