{"id":107220,"date":"2017-02-15T00:05:22","date_gmt":"2017-02-15T03:05:22","guid":{"rendered":"http:\/\/notinor.com\/jujuy\/?p=107220"},"modified":"2017-02-14T18:19:43","modified_gmt":"2017-02-14T21:19:43","slug":"un-fiscal-imputo-al-presidente-macri-por-el-acuerdo-entre-el-estado-y-el-correo-argentino","status":"publish","type":"post","link":"https:\/\/notinor.com\/jujuy\/un-fiscal-imputo-al-presidente-macri-por-el-acuerdo-entre-el-estado-y-el-correo-argentino\/","title":{"rendered":"Un fiscal imput\u00f3 al presidente Macri por el acuerdo entre el Estado y el Correo Argentino"},"content":{"rendered":"<p><a href=\"http:\/\/notinor.com\/jujuy\/wp-content\/uploads\/2017\/02\/Mauricio-Macri-junto-a-Franco-Reuters.jpg\"><img decoding=\"async\" loading=\"lazy\" class=\"alignnone size-full wp-image-107222\" src=\"http:\/\/notinor.com\/jujuy\/wp-content\/uploads\/2017\/02\/Mauricio-Macri-junto-a-Franco-Reuters.jpg\" alt=\"Mauricio-Macri-junto-a-Franco-Reuters\" width=\"770\" height=\"420\" srcset=\"https:\/\/notinor.com\/jujuy\/wp-content\/uploads\/2017\/02\/Mauricio-Macri-junto-a-Franco-Reuters.jpg 770w, https:\/\/notinor.com\/jujuy\/wp-content\/uploads\/2017\/02\/Mauricio-Macri-junto-a-Franco-Reuters-300x164.jpg 300w\" sizes=\"(max-width: 770px) 100vw, 770px\" \/><\/a><\/p>\n<p>El fiscal federal Juan Pedro Zoni imput\u00f3 este martes al presidente Mauricio Macri por el acuerdo que sell\u00f3 el gobierno nacional con la empresa el Correo Argentino S.A. por su deuda con el estado.<br \/>\nFuentes judiciales informaron a NA que el fiscal tambi\u00e9n imput\u00f3 al ministro de Comunicaciones de la Naci\u00f3n, Oscar Aguad; y al Director de Asuntos Jur\u00eddicos de dicho Ministerio, Juan Manuel Mocoroa.<br \/>\n\"En la presente investigaci\u00f3n se deber\u00e1 verificar las responsabilidades penales que podr\u00edan caberle a los distintos actores que intervinieron a lo largo de la totalidad de la tramitaci\u00f3n del proceso judicial aludido, en el cual se observa que el inter\u00e9s p\u00fablico no habr\u00eda sido protegido de forma adecuada\", sostuvo el fiscal.<br \/>\nZoni tom\u00f3 en cuenta las presentaciones efectuadas por el abogado Daniel Igolnikov y por Mart\u00edn Sabbatella y Gabriela Cerruti, de Nuevo Encuentro.<br \/>\nDe las denuncias surge una audiencia realizada en junio de 2016 entre funcionarios del Gobierno, en cabeza de Mocoroa, y el Correo Argentino, propiedad de la familia Macri.<br \/>\nSeg\u00fan remarcaron los denunciantes, el Estado ofreci\u00f3 cobrarle al Correo Argentino el 50 por ciento de la deuda y a pagar en el 2032 y 2033.<br \/>\nEn ese sentido, advierten que tomando en cuenta los intereses de la deuda original que era de 296 millones de pesos, hubo una quita de 70.163 millones de pesos, el 98,82 de la quita de la suma original.<br \/>\nAdem\u00e1s, los denunciantes tomaron en cuenta que el Correo Argentino es controlado por SIDECO S.A., que a su vez est\u00e1 asociada a SOCMA S.A., siendo \u00e9sta \u00faltima la sociedad insignia de la familia Macri, a trav\u00e9s de su padre Franco.<br \/>\nLas acusaciones judiciales aseguran que Mocoroa, quien ya dej\u00f3 el cargo que ocupaba, actu\u00f3 bajo las \u00f3rdenes de Macri, al realizar una \"propuesta abusiva, irrazonabale y ruinosa para los intereses de la comunidad\".<br \/>\nTambi\u00e9n, los denunciantes agregaron que el propio Macri cedi\u00f3 sus acciones de SOCMA, pero se qued\u00f3 con un \"usufructo\" de las mismas, por lo que contin\u00faa siendo beneficiario econ\u00f3mico del holding.<br \/>\nEl fiscal Zoni tambi\u00e9n se hizo eco de lo advertido por su colega ante la C\u00e1mara Comercial Gabriela Boquin, donde se tramita el concurso preventivo.<br \/>\n\"La fiscal general ha sostenido que si bien a primera vista la propuesta recepta los requerimientos del Estado Nacional, el an\u00e1lisis econ\u00f3mico lleva a concluir que la propuesta aceptada no implica mejora alguna\", sostuvo Zoni.<br \/>\n\"Ello toda vez que el porcentaje de quita para mejora de la oferta efectuada y aceptada asciende al 98,82 del valor del cr\u00e9dito del Estado Nacional lo que la convierte en una propuesta abusiva, resultando inexistente una mejora que justifique el cambio de posici\u00f3n del Estado que da la conformidad\", subray\u00f3 en su requerimiento.<br \/>\nTambi\u00e9n, valor\u00f3 la opini\u00f3n de la fiscal Boquin sobre que la actuaci\u00f3n del abogado Mocoroa \"debi\u00f3 contar con autorizaci\u00f3n expresa de autoridad competente, m\u00e1xime que en el caso por la entidad econ\u00f3mica de los intereses en juego la cuesti\u00f3n ameritaba la intervenci\u00f3n del Poder Ejecutivo\".<\/p>\n","protected":false},"excerpt":{"rendered":"<p>El fiscal federal Juan Pedro Zoni imput\u00f3 este martes al presidente Mauricio Macri por el acuerdo que sell\u00f3 el gobierno nacional con la empresa el Correo Argentino S.A. por su deuda con el estado. Fuentes judiciales informaron a NA que el fiscal tambi\u00e9n imput\u00f3 al ministro de Comunicaciones de la Naci\u00f3n, Oscar Aguad; y al [&hellip;]<\/p>\n","protected":false},"author":1,"featured_media":107222,"comment_status":"open","ping_status":"open","sticky":false,"template":"","format":"standard","meta":{"_stopmodifiedupdate":false,"_modified_date":"","inline_featured_image":false},"categories":[5],"tags":[],"jetpack_featured_media_url":"https:\/\/notinor.com\/jujuy\/wp-content\/uploads\/2017\/02\/Mauricio-Macri-junto-a-Franco-Reuters.jpg","_links":{"self":[{"href":"https:\/\/notinor.com\/jujuy\/wp-json\/wp\/v2\/posts\/107220"}],"collection":[{"href":"https:\/\/notinor.com\/jujuy\/wp-json\/wp\/v2\/posts"}],"about":[{"href":"https:\/\/notinor.com\/jujuy\/wp-json\/wp\/v2\/types\/post"}],"author":[{"embeddable":true,"href":"https:\/\/notinor.com\/jujuy\/wp-json\/wp\/v2\/users\/1"}],"replies":[{"embeddable":true,"href":"https:\/\/notinor.com\/jujuy\/wp-json\/wp\/v2\/comments?post=107220"}],"version-history":[{"count":2,"href":"https:\/\/notinor.com\/jujuy\/wp-json\/wp\/v2\/posts\/107220\/revisions"}],"predecessor-version":[{"id":107223,"href":"https:\/\/notinor.com\/jujuy\/wp-json\/wp\/v2\/posts\/107220\/revisions\/107223"}],"wp:featuredmedia":[{"embeddable":true,"href":"https:\/\/notinor.com\/jujuy\/wp-json\/wp\/v2\/media\/107222"}],"wp:attachment":[{"href":"https:\/\/notinor.com\/jujuy\/wp-json\/wp\/v2\/media?parent=107220"}],"wp:term":[{"taxonomy":"category","embeddable":true,"href":"https:\/\/notinor.com\/jujuy\/wp-json\/wp\/v2\/categories?post=107220"},{"taxonomy":"post_tag","embeddable":true,"href":"https:\/\/notinor.com\/jujuy\/wp-json\/wp\/v2\/tags?post=107220"}],"curies":[{"name":"wp","href":"https:\/\/api.w.org\/{rel}","templated":true}]}}