{"id":107204,"date":"2017-02-15T00:05:14","date_gmt":"2017-02-15T03:05:14","guid":{"rendered":"http:\/\/notinor.com\/jujuy\/?p=107204"},"modified":"2017-02-15T01:03:31","modified_gmt":"2017-02-15T04:03:31","slug":"defensor-del-pueblo-solicito-al-municipio-que-se-pueda-pagar-con-efectivo-el-transporte-publico","status":"publish","type":"post","link":"https:\/\/notinor.com\/jujuy\/defensor-del-pueblo-solicito-al-municipio-que-se-pueda-pagar-con-efectivo-el-transporte-publico\/","title":{"rendered":"Defensor del Pueblo solicit\u00f3 al municipio que se pueda pagar con efectivo el transporte p\u00fablico"},"content":{"rendered":"<p><a href=\"http:\/\/notinor.com\/jujuy\/wp-content\/uploads\/2017\/02\/De-Bedia.jpg\"><img decoding=\"async\" loading=\"lazy\" class=\"alignnone size-full wp-image-107207\" src=\"http:\/\/notinor.com\/jujuy\/wp-content\/uploads\/2017\/02\/De-Bedia.jpg\" alt=\"De Bedia\" width=\"3264\" height=\"2448\" srcset=\"https:\/\/notinor.com\/jujuy\/wp-content\/uploads\/2017\/02\/De-Bedia.jpg 3264w, https:\/\/notinor.com\/jujuy\/wp-content\/uploads\/2017\/02\/De-Bedia-300x225.jpg 300w, https:\/\/notinor.com\/jujuy\/wp-content\/uploads\/2017\/02\/De-Bedia-1024x768.jpg 1024w\" sizes=\"(max-width: 3264px) 100vw, 3264px\" \/><\/a><\/p>\n<p>El Defensor del Pueblo Javier De Bedia destaco que la Defensor\u00eda del Pueblo actu\u00f3 en relaci\u00f3n a los problemas que hubo con la tarjeta SUBE a partir del 1 de Febrero \"la defensoria actu\u00f3 de oficio investigando cual era la situaci\u00f3n real y se ha detectado la veracidad de algunas cuestiones por las que los usuarios se quejaron\".<\/p>\n<p>El defensor afirm\u00f3 que se hicieron inspecciones y se detect\u00f3 que efectivamente algunos puntos de venta estaban cobrando un plus por la recarga de tarjeta y por lo tanto se recomend\u00f3 a la Municipalidad de San Salvador de Jujuy que prevea que convivan los dos sistemas de pago y que se habiliten bocas de expendi\u00f3 y de carga en distintos puntos del recorrido de las l\u00edneas urbanas.<\/p>\n<p>El defensor tambi\u00e9n indic\u00f3 que se recomend\u00f3 que se observe la situaci\u00f3n de los jubilados y de las personas con discapacidad porque tienen un pase libre y algunos vencen reci\u00e9n el 31 de Marzo, para que lo puedan seguir usando hasta su vencimiento porque con el uso de las tarjetas SUBE hab\u00edan quedado sin efecto y la gratuidad en este caso se estar\u00eda violando.<\/p>\n<p>Por otro lado el defensor afirm\u00f3 que \"se se\u00f1al\u00f3 al municipio la realizaci\u00f3n de una campa\u00f1a masiva de difusi\u00f3n para que la gente conozca como hacer la carga efectiva de la tarjeta en todas sus posibilidades como el online porque muchos no tienen acceso a una computadora o al sistema de homebanking\".<\/p>\n<p>Para finalizar De Bedia se\u00f1al\u00f3 que el sistema SUBE prev\u00e9 precios diferenciados porque hay algunos que tienen gratuidad y hay que seguir utilizando este derecho consagrado por ley \" hay que reforzar los puntos de validaci\u00f3n y carga en todos los recorridos, la gente no sabe usar la recarga y las empresas de colectivos deben tener tambi\u00e9n su punto de recarga \".<\/p>\n<p>&nbsp;<\/p>\n","protected":false},"excerpt":{"rendered":"<p>El Defensor del Pueblo Javier De Bedia destaco que la Defensor\u00eda del Pueblo actu\u00f3 en relaci\u00f3n a los problemas que hubo con la tarjeta SUBE a partir del 1 de Febrero \"la defensoria actu\u00f3 de oficio investigando cual era la situaci\u00f3n real y se ha detectado la veracidad de algunas cuestiones por las que los [&hellip;]<\/p>\n","protected":false},"author":1,"featured_media":107207,"comment_status":"open","ping_status":"open","sticky":false,"template":"","format":"standard","meta":{"_stopmodifiedupdate":false,"_modified_date":"","inline_featured_image":false},"categories":[493],"tags":[],"jetpack_featured_media_url":"https:\/\/notinor.com\/jujuy\/wp-content\/uploads\/2017\/02\/De-Bedia.jpg","_links":{"self":[{"href":"https:\/\/notinor.com\/jujuy\/wp-json\/wp\/v2\/posts\/107204"}],"collection":[{"href":"https:\/\/notinor.com\/jujuy\/wp-json\/wp\/v2\/posts"}],"about":[{"href":"https:\/\/notinor.com\/jujuy\/wp-json\/wp\/v2\/types\/post"}],"author":[{"embeddable":true,"href":"https:\/\/notinor.com\/jujuy\/wp-json\/wp\/v2\/users\/1"}],"replies":[{"embeddable":true,"href":"https:\/\/notinor.com\/jujuy\/wp-json\/wp\/v2\/comments?post=107204"}],"version-history":[{"count":1,"href":"https:\/\/notinor.com\/jujuy\/wp-json\/wp\/v2\/posts\/107204\/revisions"}],"predecessor-version":[{"id":107208,"href":"https:\/\/notinor.com\/jujuy\/wp-json\/wp\/v2\/posts\/107204\/revisions\/107208"}],"wp:featuredmedia":[{"embeddable":true,"href":"https:\/\/notinor.com\/jujuy\/wp-json\/wp\/v2\/media\/107207"}],"wp:attachment":[{"href":"https:\/\/notinor.com\/jujuy\/wp-json\/wp\/v2\/media?parent=107204"}],"wp:term":[{"taxonomy":"category","embeddable":true,"href":"https:\/\/notinor.com\/jujuy\/wp-json\/wp\/v2\/categories?post=107204"},{"taxonomy":"post_tag","embeddable":true,"href":"https:\/\/notinor.com\/jujuy\/wp-json\/wp\/v2\/tags?post=107204"}],"curies":[{"name":"wp","href":"https:\/\/api.w.org\/{rel}","templated":true}]}}