{"id":107038,"date":"2017-02-13T00:42:47","date_gmt":"2017-02-13T03:42:47","guid":{"rendered":"http:\/\/notinor.com\/jujuy\/?p=107038"},"modified":"2017-02-13T09:07:36","modified_gmt":"2017-02-13T12:07:36","slug":"como-estara-el-tiempo-esta-semana-7","status":"publish","type":"post","link":"https:\/\/notinor.com\/jujuy\/como-estara-el-tiempo-esta-semana-7\/","title":{"rendered":"C\u00f3mo estar\u00e1 el tiempo esta semana"},"content":{"rendered":"<p><a href=\"http:\/\/notinor.com\/jujuy\/wp-content\/uploads\/2015\/12\/Foto0118-e1486395600487.jpg\"><img decoding=\"async\" loading=\"lazy\" class=\"size-full wp-image-56215 aligncenter\" src=\"http:\/\/notinor.com\/jujuy\/wp-content\/uploads\/2015\/12\/Foto0118-e1486395600487.jpg\" alt=\"lluvia jujuy\" width=\"1000\" height=\"750\" \/><\/a><\/p>\n<p>As\u00ed lo informan los datos aportados por la p\u00e1gina oficial del Servicio Meteorol\u00f3gico Nacional. En capital y alrededores se espera para el lunes nubosidad variable y probabilidad de lluvias aisladas con mejoramientos temporarios y vientos leves del sector este. La m\u00e1xima ascender\u00e1 a los 30\u00b0C.<\/p>\n<p><a href=\"http:\/\/notinor.com\/jujuy\/wp-content\/uploads\/2017\/02\/smn.jpg\"><img decoding=\"async\" loading=\"lazy\" class=\"alignnone size-full wp-image-107039\" src=\"http:\/\/notinor.com\/jujuy\/wp-content\/uploads\/2017\/02\/smn.jpg\" alt=\"smn\" width=\"733\" height=\"531\" srcset=\"https:\/\/notinor.com\/jujuy\/wp-content\/uploads\/2017\/02\/smn.jpg 733w, https:\/\/notinor.com\/jujuy\/wp-content\/uploads\/2017\/02\/smn-300x217.jpg 300w\" sizes=\"(max-width: 733px) 100vw, 733px\" \/><\/a><br \/>\nEl resto de la semana las tormentas aisladas se presentar\u00e1n en horas de la tarde\/noche.<\/p>\n<p>Para la zona del ramal se espera algo similar con nubosidad variable y precipitaciones aisladas para el inicio de la semana, y persistir\u00e1 las lluvias durante la semana, sin embargo la m\u00e1xima seguir\u00e1 en ascenso alcanzando los 33\u00b0C.<\/p>\n<p>En la zona de quebrada y puna, se espera tambi\u00e9n las lluvias con un inicio de jornada con lluvias aisladas durante todo el d\u00eda. El martes la temperatura descender\u00e1 considerablemente, volviendo a ascender progresivamente hasta llegar al viernes con una m\u00e1xima de 16\u00b0C.<\/p>\n","protected":false},"excerpt":{"rendered":"<p>As\u00ed lo informan los datos aportados por la p\u00e1gina oficial del Servicio Meteorol\u00f3gico Nacional. En capital y alrededores se espera para el lunes nubosidad variable y probabilidad de lluvias aisladas con mejoramientos temporarios y vientos leves del sector este. La m\u00e1xima ascender\u00e1 a los 30\u00b0C. El resto de la semana las tormentas aisladas se presentar\u00e1n [&hellip;]<\/p>\n","protected":false},"author":1,"featured_media":56215,"comment_status":"open","ping_status":"open","sticky":false,"template":"","format":"standard","meta":{"_stopmodifiedupdate":false,"_modified_date":"","inline_featured_image":false,"spay_email":"","jetpack_publicize_message":""},"categories":[485],"tags":[],"jetpack_featured_media_url":"https:\/\/notinor.com\/jujuy\/wp-content\/uploads\/2015\/12\/Foto0118-e1486395600487.jpg","jetpack_publicize_connections":[],"_links":{"self":[{"href":"https:\/\/notinor.com\/jujuy\/wp-json\/wp\/v2\/posts\/107038"}],"collection":[{"href":"https:\/\/notinor.com\/jujuy\/wp-json\/wp\/v2\/posts"}],"about":[{"href":"https:\/\/notinor.com\/jujuy\/wp-json\/wp\/v2\/types\/post"}],"author":[{"embeddable":true,"href":"https:\/\/notinor.com\/jujuy\/wp-json\/wp\/v2\/users\/1"}],"replies":[{"embeddable":true,"href":"https:\/\/notinor.com\/jujuy\/wp-json\/wp\/v2\/comments?post=107038"}],"version-history":[{"count":1,"href":"https:\/\/notinor.com\/jujuy\/wp-json\/wp\/v2\/posts\/107038\/revisions"}],"predecessor-version":[{"id":107040,"href":"https:\/\/notinor.com\/jujuy\/wp-json\/wp\/v2\/posts\/107038\/revisions\/107040"}],"wp:featuredmedia":[{"embeddable":true,"href":"https:\/\/notinor.com\/jujuy\/wp-json\/wp\/v2\/media\/56215"}],"wp:attachment":[{"href":"https:\/\/notinor.com\/jujuy\/wp-json\/wp\/v2\/media?parent=107038"}],"wp:term":[{"taxonomy":"category","embeddable":true,"href":"https:\/\/notinor.com\/jujuy\/wp-json\/wp\/v2\/categories?post=107038"},{"taxonomy":"post_tag","embeddable":true,"href":"https:\/\/notinor.com\/jujuy\/wp-json\/wp\/v2\/tags?post=107038"}],"curies":[{"name":"wp","href":"https:\/\/api.w.org\/{rel}","templated":true}]}}