{"id":107022,"date":"2017-02-13T01:54:07","date_gmt":"2017-02-13T04:54:07","guid":{"rendered":"http:\/\/notinor.com\/jujuy\/?p=107022"},"modified":"2017-02-13T01:54:07","modified_gmt":"2017-02-13T04:54:07","slug":"efecto-trump-macri-y-bachelet-convocan-a-reunion-de-cancilleres-para-abril","status":"publish","type":"post","link":"https:\/\/notinor.com\/jujuy\/efecto-trump-macri-y-bachelet-convocan-a-reunion-de-cancilleres-para-abril\/","title":{"rendered":"Efecto Trump: Macri y Bachelet convocan a reuni\u00f3n de cancilleres para abril"},"content":{"rendered":"<p><a href=\"http:\/\/notinor.com\/jujuy\/wp-content\/uploads\/2017\/02\/macri-bachelet1.jpg\"><img decoding=\"async\" loading=\"lazy\" class=\"alignnone size-full wp-image-107024\" src=\"http:\/\/notinor.com\/jujuy\/wp-content\/uploads\/2017\/02\/macri-bachelet1.jpg\" alt=\"macri bachelet\" width=\"645\" height=\"362\" srcset=\"https:\/\/notinor.com\/jujuy\/wp-content\/uploads\/2017\/02\/macri-bachelet1.jpg 645w, https:\/\/notinor.com\/jujuy\/wp-content\/uploads\/2017\/02\/macri-bachelet1-300x168.jpg 300w, https:\/\/notinor.com\/jujuy\/wp-content\/uploads\/2017\/02\/macri-bachelet1-199x112.jpg 199w, https:\/\/notinor.com\/jujuy\/wp-content\/uploads\/2017\/02\/macri-bachelet1-616x345.jpg 616w\" sizes=\"(max-width: 645px) 100vw, 645px\" \/><\/a><\/p>\n<p>Los presidentes de la Argentina, Mauricio Macri y Chile, Michelle Bachelet hablaron de renovar el impulso de la relaci\u00f3n bilateral, tras los avances logrados en anteriores reuniones, y adem\u00e1s abordar\u00e1n los detalles del pr\u00f3ximo encuentro entre los cancilleres y ministros de comercio de los pa\u00edses miembros del Mercosur y la Alianza del Pac\u00edfico, fijado para el mes de abril.<\/p>\n<p>Macri y Bachelet hablaron de renovar el impulso a la relaci\u00f3n bilateral, tras los avances relevantes logrados en anteriores reuniones, y adem\u00e1s abordar\u00e1n los detalles del pr\u00f3ximo encuentro entre los cancilleres y ministros de comercio de los pa\u00edses miembros del Mercosur y la Alianza del Pac\u00edfico, fijado para el mes de abril.<\/p>\n<p>El contexto internacional de este encuentro bilateral y de la reuni\u00f3n de cancilleres de ambos bloques econ\u00f3micos marcado por las nuevas pol\u00edticas comerciales estadounidenses ser\u00e1 uno de los principales temas del di\u00e1logo bilateral, siguiendo la misma l\u00ednea de lo acontecido d\u00edas atr\u00e1s durante la visita de Macri a Brasil.<\/p>\n","protected":false},"excerpt":{"rendered":"<p>Los presidentes de la Argentina, Mauricio Macri y Chile, Michelle Bachelet hablaron de renovar el impulso de la relaci\u00f3n bilateral, tras los avances logrados en anteriores reuniones, y adem\u00e1s abordar\u00e1n los detalles del pr\u00f3ximo encuentro entre los cancilleres y ministros de comercio de los pa\u00edses miembros del Mercosur y la Alianza del Pac\u00edfico, fijado para [&hellip;]<\/p>\n","protected":false},"author":1,"featured_media":107023,"comment_status":"open","ping_status":"open","sticky":false,"template":"","format":"standard","meta":{"_stopmodifiedupdate":false,"_modified_date":"","inline_featured_image":false,"spay_email":"","jetpack_publicize_message":""},"categories":[501],"tags":[],"jetpack_featured_media_url":"https:\/\/notinor.com\/jujuy\/wp-content\/uploads\/2017\/02\/macri-bachelet.jpg","jetpack_publicize_connections":[],"_links":{"self":[{"href":"https:\/\/notinor.com\/jujuy\/wp-json\/wp\/v2\/posts\/107022"}],"collection":[{"href":"https:\/\/notinor.com\/jujuy\/wp-json\/wp\/v2\/posts"}],"about":[{"href":"https:\/\/notinor.com\/jujuy\/wp-json\/wp\/v2\/types\/post"}],"author":[{"embeddable":true,"href":"https:\/\/notinor.com\/jujuy\/wp-json\/wp\/v2\/users\/1"}],"replies":[{"embeddable":true,"href":"https:\/\/notinor.com\/jujuy\/wp-json\/wp\/v2\/comments?post=107022"}],"version-history":[{"count":1,"href":"https:\/\/notinor.com\/jujuy\/wp-json\/wp\/v2\/posts\/107022\/revisions"}],"predecessor-version":[{"id":107025,"href":"https:\/\/notinor.com\/jujuy\/wp-json\/wp\/v2\/posts\/107022\/revisions\/107025"}],"wp:featuredmedia":[{"embeddable":true,"href":"https:\/\/notinor.com\/jujuy\/wp-json\/wp\/v2\/media\/107023"}],"wp:attachment":[{"href":"https:\/\/notinor.com\/jujuy\/wp-json\/wp\/v2\/media?parent=107022"}],"wp:term":[{"taxonomy":"category","embeddable":true,"href":"https:\/\/notinor.com\/jujuy\/wp-json\/wp\/v2\/categories?post=107022"},{"taxonomy":"post_tag","embeddable":true,"href":"https:\/\/notinor.com\/jujuy\/wp-json\/wp\/v2\/tags?post=107022"}],"curies":[{"name":"wp","href":"https:\/\/api.w.org\/{rel}","templated":true}]}}