{"id":107019,"date":"2017-02-13T01:22:16","date_gmt":"2017-02-13T04:22:16","guid":{"rendered":"http:\/\/notinor.com\/jujuy\/?p=107019"},"modified":"2017-02-13T01:22:16","modified_gmt":"2017-02-13T04:22:16","slug":"catamarca-pondra-en-marcha-proyectos-para-generar-energia-solar","status":"publish","type":"post","link":"https:\/\/notinor.com\/jujuy\/catamarca-pondra-en-marcha-proyectos-para-generar-energia-solar\/","title":{"rendered":"Catamarca pondr\u00e1 en marcha proyectos para generar energ\u00eda solar"},"content":{"rendered":"<p>Un grupo de empresas del sector construir\u00e1 y pondr\u00e1 en marcha tres proyectos de energ\u00edas renovables, que permitir\u00e1n inyectar cerca de 50 megavatios (MW) de potencia al Sistema Interconectado Nacional y abastecer de electricidad a 100.000 hogares de Catamarca, inform\u00f3 el ministro de Servicios P\u00fablicos, Guillermo Dalla Lasta.<\/p>\n<p><a href=\"http:\/\/notinor.com\/jujuy\/wp-content\/uploads\/2017\/02\/energia-solar.jpg\"><img decoding=\"async\" loading=\"lazy\" class=\"alignnone size-full wp-image-107020\" src=\"http:\/\/notinor.com\/jujuy\/wp-content\/uploads\/2017\/02\/energia-solar.jpg\" alt=\"energia solar\" width=\"600\" height=\"314\" srcset=\"https:\/\/notinor.com\/jujuy\/wp-content\/uploads\/2017\/02\/energia-solar.jpg 600w, https:\/\/notinor.com\/jujuy\/wp-content\/uploads\/2017\/02\/energia-solar-300x157.jpg 300w\" sizes=\"(max-width: 600px) 100vw, 600px\" \/><\/a><\/p>\n<p>Los proyectos de energ\u00eda solar estar\u00e1n instalados en las localidades de Saujil, Tinogasta y Fiambal\u00e1, forman parte de la edici\u00f3n 1,5 del Programa RenovAr y fueron aprobados a fines del a\u00f1o pasado por el Ministerio de Energ\u00eda y Miner\u00eda de la Naci\u00f3n.<\/p>\n<p>\"La ubicaci\u00f3n de estos proyectos responde a estudios previos que realizaron las empresas adjudicatarias para medir el potencial en cada lugar: Fiambal\u00e1, Saujil y Andalgal\u00e1, aparecen como sitios que pueden soportar la instalaci\u00f3n de estas plantas de generaci\u00f3n el\u00e9ctrica por paneles fotovoltaicos\", explic\u00f3 el ministro a T\u00e9lam.<\/p>\n<p>El proyecto de Saujil tendr\u00e1 una potencia instalada de 23 MW; el de Tinogasta 15 MW y el de Fiambal\u00e1 sumar\u00e1 11 MW.<\/p>\n<p>\"Para que estos proyectos se cristalicen hay que acompa\u00f1arlos de obras de infraestructura el\u00e9ctrica para poder aprovechar toda la capacidad de generaci\u00f3n de las plantas que quieren construir las empresas\", agreg\u00f3.<\/p>\n<p>Dalla Lasta puso de relieve que las plantas de generaci\u00f3n \"se construyen con la finalidad de inyectar la energ\u00eda a la red federal, que puede ser necesaria para Ushuaia, Misiones o la ciudad de Buenos Aires\".<\/p>\n<p>Los proyectos \"dependen, en gran medida, de los tiempos del desarrollo de la infraestructura, ya que las empresas deber\u00edan estar dispuestas a asumir las obras, ya sea de peque\u00f1os tendidos o cambios de transformadores, como parte de las inversiones estimadas: si es as\u00ed, se podr\u00e1n hacer en menor tiempo\", puntualiz\u00f3.<\/p>\n<p>En este sentido, se\u00f1al\u00f3 que \"todav\u00eda hay que analizar la factibilidad de las actuales instalaciones el\u00e9ctricas, porque los conductores (los cables del tendido de alta tensi\u00f3n) y los equipos transformadores est\u00e1n operando en los l\u00edmites de su capacidad\".<\/p>\n<p>\"La capacidad operativa depender\u00e1 de la empresa Energ\u00eda Catamarca SAPEM, distribuidora de la electricidad en Catamarca, que tiene en su plantilla de recursos humanos personal muy capacitado para darle apoyo a las empresas\", indic\u00f3 Dalla Lasta.<\/p>\n<p>Explic\u00f3 que la financiaci\u00f3n de los proyectos \"es un tema de los privados, es decir, a riesgo de cada una de las firmas: su inversi\u00f3n est\u00e1 orientada a la construcci\u00f3n de las plantas para luego vender la energ\u00eda generada al sistema nacional\".<\/p>\n<p>\"La exigencia de contrataci\u00f3n de mano de obra local est\u00e1 contemplada en las leyes provinciales para la instalaci\u00f3n de emprendimientos privados, muy similar a la norma \u00b4Compre y Contrate catamarque\u00f1o\u00b4, que se aplica para la adquisici\u00f3n de bienes de consumo para las empresas y los organismos del Estado provincial\", puntualiz\u00f3.<\/p>\n<p>Alejandro Lew, gerente general de 360 Energy S.A., una de las empresas que construir\u00e1 las plantas en la provincia, asegur\u00f3 que la compa\u00f1\u00eda est\u00e1 \"muy entusiasmada\" y actualmente desarrolla \"la etapa de dise\u00f1o de ingenier\u00eda de detalle\".<\/p>\n<p>\"Seguramente se pueda abastecer parte de los recursos humanos necesarios con mano de obra local\", asegur\u00f3 el ejecutivo a T\u00e9lam.<\/p>\n","protected":false},"excerpt":{"rendered":"<p>Un grupo de empresas del sector construir\u00e1 y pondr\u00e1 en marcha tres proyectos de energ\u00edas renovables, que permitir\u00e1n inyectar cerca de 50 megavatios (MW) de potencia al Sistema Interconectado Nacional y abastecer de electricidad a 100.000 hogares de Catamarca, inform\u00f3 el ministro de Servicios P\u00fablicos, Guillermo Dalla Lasta. Los proyectos de energ\u00eda solar estar\u00e1n instalados [&hellip;]<\/p>\n","protected":false},"author":1,"featured_media":107020,"comment_status":"open","ping_status":"open","sticky":false,"template":"","format":"standard","meta":{"_stopmodifiedupdate":false,"_modified_date":"","inline_featured_image":false,"spay_email":"","jetpack_publicize_message":""},"categories":[488],"tags":[],"jetpack_featured_media_url":"https:\/\/notinor.com\/jujuy\/wp-content\/uploads\/2017\/02\/energia-solar.jpg","jetpack_publicize_connections":[],"_links":{"self":[{"href":"https:\/\/notinor.com\/jujuy\/wp-json\/wp\/v2\/posts\/107019"}],"collection":[{"href":"https:\/\/notinor.com\/jujuy\/wp-json\/wp\/v2\/posts"}],"about":[{"href":"https:\/\/notinor.com\/jujuy\/wp-json\/wp\/v2\/types\/post"}],"author":[{"embeddable":true,"href":"https:\/\/notinor.com\/jujuy\/wp-json\/wp\/v2\/users\/1"}],"replies":[{"embeddable":true,"href":"https:\/\/notinor.com\/jujuy\/wp-json\/wp\/v2\/comments?post=107019"}],"version-history":[{"count":1,"href":"https:\/\/notinor.com\/jujuy\/wp-json\/wp\/v2\/posts\/107019\/revisions"}],"predecessor-version":[{"id":107021,"href":"https:\/\/notinor.com\/jujuy\/wp-json\/wp\/v2\/posts\/107019\/revisions\/107021"}],"wp:featuredmedia":[{"embeddable":true,"href":"https:\/\/notinor.com\/jujuy\/wp-json\/wp\/v2\/media\/107020"}],"wp:attachment":[{"href":"https:\/\/notinor.com\/jujuy\/wp-json\/wp\/v2\/media?parent=107019"}],"wp:term":[{"taxonomy":"category","embeddable":true,"href":"https:\/\/notinor.com\/jujuy\/wp-json\/wp\/v2\/categories?post=107019"},{"taxonomy":"post_tag","embeddable":true,"href":"https:\/\/notinor.com\/jujuy\/wp-json\/wp\/v2\/tags?post=107019"}],"curies":[{"name":"wp","href":"https:\/\/api.w.org\/{rel}","templated":true}]}}