{"id":107008,"date":"2017-02-13T00:05:00","date_gmt":"2017-02-13T03:05:00","guid":{"rendered":"http:\/\/notinor.com\/jujuy\/?p=107008"},"modified":"2017-02-13T03:07:00","modified_gmt":"2017-02-13T06:07:00","slug":"infraestructura-presento-las-claves-para-el-nuevo-volcan","status":"publish","type":"post","link":"https:\/\/notinor.com\/jujuy\/infraestructura-presento-las-claves-para-el-nuevo-volcan\/","title":{"rendered":"Infraestructura present\u00f3 las claves para el nuevo Volc\u00e1n"},"content":{"rendered":"<p>Con la decisi\u00f3n del Gobierno de Jujuy de reformular el pueblo con clave de h\u00e1bitat seguro, el Ministerio de Infraestructura y sus \u00e1reas desglosaron el plan que guiar\u00e1 las acciones en los pr\u00f3ximos meses. Por ser integral, el plan incluye trabajos h\u00eddricos, viales, urban\u00edsticos y arquitect\u00f3nicos que viabilizar\u00e1n abordajes educativos, recreativos y culturales para que la poblaci\u00f3n supere el desastre y cuente con herramientas frente al riesgo y los requerimientos productivos para su desarrollo.<\/p>\n<p><a href=\"http:\/\/notinor.com\/jujuy\/wp-content\/uploads\/2017\/02\/infraestructura-volcan.jpg\"><img decoding=\"async\" loading=\"lazy\" class=\"alignnone wp-image-107009 size-full\" src=\"http:\/\/notinor.com\/jujuy\/wp-content\/uploads\/2017\/02\/infraestructura-volcan.jpg\" alt=\"????????????????????????????????????\" width=\"1798\" height=\"1028\" srcset=\"https:\/\/notinor.com\/jujuy\/wp-content\/uploads\/2017\/02\/infraestructura-volcan.jpg 1798w, https:\/\/notinor.com\/jujuy\/wp-content\/uploads\/2017\/02\/infraestructura-volcan-300x172.jpg 300w, https:\/\/notinor.com\/jujuy\/wp-content\/uploads\/2017\/02\/infraestructura-volcan-1024x585.jpg 1024w\" sizes=\"(max-width: 1798px) 100vw, 1798px\" \/><\/a><\/p>\n<p>&nbsp;<\/p>\n<p>El plan de h\u00e1bitat para Volc\u00e1n fue presentado por el ministro, Jorge Rizzotti, ante los pobladores, quienes pudieron visualizar la planificaci\u00f3n en mapas y proyecciones. Un puente elevado que se extienda sobre la zona del actual bad\u00e9n en ruta nacional 9 y trabajos de fortalecimiento de espaldones, encauce y canalizaci\u00f3n con un cuenco principal de hormig\u00f3n y cuencos secundarios con zonas elevadas de esparcimiento, que operen respectivamente como desag\u00fce y defensas, en caso de repetirse en alguna medida aluviones de agua y barro, son las previsiones viales e h\u00eddricas que explic\u00f3 e ilustr\u00f3 Rizzotti, quien tambi\u00e9n inform\u00f3 que ya est\u00e1n en marcha las gestiones para el financiamiento de estas, a lo que agrego: \u201cobras de gran magnitud y complejidad t\u00e9cnica y operativa, precisamente por su pertinencia para contener el riesgo y permitir la vida cotidiana en el pueblo\u201d.<\/p>\n<p>\u201cLas zonas de espacios verdes previstas para los laterales del lecho de la quebrada de Los Filtros, con elevaci\u00f3n, arboledas y espacios de esparcimiento tendr\u00e1n gran importancia para evitar el asentamiento permanente y servir\u00e1n como defensas de un cauce que ya tendr\u00e1 su direccionamiento al r\u00edo Grande con un enorme cuenco de hormig\u00f3n a baja altura respecto del pueblo, lo que conformar\u00e1 un sistema de doble defensa con zonas elevadas y dos cuencos, el principal y otro secundario\u201d, describi\u00f3 el ministro de Infraestructura, quien fue acompa\u00f1ado por los profesionales del ministerio que planificaron la intervenci\u00f3n integral.<\/p>\n<p>La planificaci\u00f3n h\u00eddrica y vial permite, a la vez, el despliegue de un plan de infraestructura social en el pueblo, como desag\u00fces, cloacas y transformaci\u00f3n de calles, que har\u00e1 de Volc\u00e1n un ejido urbano inteligente en relaci\u00f3n a las condiciones clim\u00e1ticas y geol\u00f3gicas que puedan manifestarse en la zona.<\/p>\n<p>\u201cLas calles, por ejemplo, ser\u00e1n empedradas y con cierta concavidad que las funcionalizar\u00e1n como desag\u00fces hacia el r\u00edo Grande, adem\u00e1s de ser est\u00e9ticamente integrables a un pueblo de las caracter\u00edsticas hist\u00f3ricas y culturales de Volc\u00e1n\u201d, describi\u00f3 Rizzotti.<\/p>\n<p>Asimismo, la planificaci\u00f3n no descuida el aspecto social, y para eso los equipos de la Secretar\u00eda de Ordenamiento Territorial y Vivienda han dise\u00f1ado un sistema de m\u00f3dulos para el desarrollo humano que desplegar\u00e1n contenidos educativos y actividades culturales, art\u00edsticas, deportivas y de cuidado del ambiente para que la poblaci\u00f3n, desde su infancia hasta su adultez, se involucre en conocimientos con enfoque de riesgo, para acciones colectivas que permitan optimizar cada decisi\u00f3n ante eventos contingentes. \u201cEl plan pretende un h\u00e1bitat sano, seguro y sustentable, lo que se dar\u00e1 s\u00f3lo con el acompa\u00f1amiento de la ciudadan\u00eda de Volc\u00e1n, que deber\u00e1 ser la principal motorizadora de los objetivos del nuevo Volc\u00e1n, y proponernos y exigirnos al Gobierno para hacer la transformaci\u00f3n que hemos propuesto\u201d, evalu\u00f3 el ministro.<\/p>\n<p>El plan integral de h\u00e1bitat y desarrollo humano para Volc\u00e1n cont\u00f3 en su elaboraci\u00f3n con la experiencia de t\u00e9cnicos y profesionales que, desde el evento, han relevado y analizado actuales condiciones y potencialidades de mejora de la vida en el pueblo, teniendo en cuenta aspectos geol\u00f3gicos que determinan riesgo pero que, a la vez, posibilitan un enfoque superador, de involucramiento ciudadano y gubernamental conjunto.<\/p>\n<p>El proyecto detallado se pondr\u00e1 a disponibilidad de la ciudadan\u00eda en la semana entrante, y all\u00ed los equipos de las secretar\u00edas de Ordenamiento Territorial y Vivienda, Infraestructura, Planificaci\u00f3n, Energ\u00eda, Direcci\u00f3n de Arquitectura e IVUJ deber\u00e1n recuperar cuestionamientos, aportes, ideas y acuerdos de la poblaci\u00f3n para una definici\u00f3n que cuente con la participaci\u00f3n de los principales involucrados, los volcanences.<\/p>\n<p>\u201cEsta reconstrucci\u00f3n es hist\u00f3rica y ser\u00e1 clave para el presente y futuro de Volc\u00e1n y de todo Jujuy, ya que el pueblo es nuestro portal y el del pa\u00eds para la comunicaci\u00f3n entre pueblos, cultural y productiva, y apostamos a que juntos, pueblo y Gobierno, hagamos un nuevo Volc\u00e1n, fortalecido y reverdecido para su crecimiento y el de todos como Provincia\u201d, concluy\u00f3 frente a los vecinos el ministro Rizzotti.<\/p>\n","protected":false},"excerpt":{"rendered":"<p>Con la decisi\u00f3n del Gobierno de Jujuy de reformular el pueblo con clave de h\u00e1bitat seguro, el Ministerio de Infraestructura y sus \u00e1reas desglosaron el plan que guiar\u00e1 las acciones en los pr\u00f3ximos meses. Por ser integral, el plan incluye trabajos h\u00eddricos, viales, urban\u00edsticos y arquitect\u00f3nicos que viabilizar\u00e1n abordajes educativos, recreativos y culturales para que [&hellip;]<\/p>\n","protected":false},"author":1,"featured_media":107009,"comment_status":"open","ping_status":"open","sticky":false,"template":"","format":"standard","meta":{"_stopmodifiedupdate":false,"_modified_date":"","inline_featured_image":false,"spay_email":"","jetpack_publicize_message":""},"categories":[2,485],"tags":[],"jetpack_featured_media_url":"https:\/\/notinor.com\/jujuy\/wp-content\/uploads\/2017\/02\/infraestructura-volcan.jpg","jetpack_publicize_connections":[],"_links":{"self":[{"href":"https:\/\/notinor.com\/jujuy\/wp-json\/wp\/v2\/posts\/107008"}],"collection":[{"href":"https:\/\/notinor.com\/jujuy\/wp-json\/wp\/v2\/posts"}],"about":[{"href":"https:\/\/notinor.com\/jujuy\/wp-json\/wp\/v2\/types\/post"}],"author":[{"embeddable":true,"href":"https:\/\/notinor.com\/jujuy\/wp-json\/wp\/v2\/users\/1"}],"replies":[{"embeddable":true,"href":"https:\/\/notinor.com\/jujuy\/wp-json\/wp\/v2\/comments?post=107008"}],"version-history":[{"count":1,"href":"https:\/\/notinor.com\/jujuy\/wp-json\/wp\/v2\/posts\/107008\/revisions"}],"predecessor-version":[{"id":107010,"href":"https:\/\/notinor.com\/jujuy\/wp-json\/wp\/v2\/posts\/107008\/revisions\/107010"}],"wp:featuredmedia":[{"embeddable":true,"href":"https:\/\/notinor.com\/jujuy\/wp-json\/wp\/v2\/media\/107009"}],"wp:attachment":[{"href":"https:\/\/notinor.com\/jujuy\/wp-json\/wp\/v2\/media?parent=107008"}],"wp:term":[{"taxonomy":"category","embeddable":true,"href":"https:\/\/notinor.com\/jujuy\/wp-json\/wp\/v2\/categories?post=107008"},{"taxonomy":"post_tag","embeddable":true,"href":"https:\/\/notinor.com\/jujuy\/wp-json\/wp\/v2\/tags?post=107008"}],"curies":[{"name":"wp","href":"https:\/\/api.w.org\/{rel}","templated":true}]}}