{"id":107005,"date":"2017-02-13T00:36:38","date_gmt":"2017-02-13T03:36:38","guid":{"rendered":"http:\/\/notinor.com\/jujuy\/?p=107005"},"modified":"2017-02-13T00:36:38","modified_gmt":"2017-02-13T03:36:38","slug":"taller-intensivo-de-zamba","status":"publish","type":"post","link":"https:\/\/notinor.com\/jujuy\/taller-intensivo-de-zamba\/","title":{"rendered":"Taller intensivo de Zamba"},"content":{"rendered":"<p>Los d\u00edas lunes13, martes 15 y viernes 17 de febrero en el Centro Cultural Coquena (G\u00fcemes 640) se dictar\u00e1\u00a0 un Taller Intensivo de Zamba, a cargo del prof. Rolando Gonzalez.<\/p>\n<p><a href=\"http:\/\/notinor.com\/jujuy\/wp-content\/uploads\/2017\/02\/zamba.jpg\"><img decoding=\"async\" loading=\"lazy\" class=\"size-full wp-image-107006 aligncenter\" src=\"http:\/\/notinor.com\/jujuy\/wp-content\/uploads\/2017\/02\/zamba.jpg\" alt=\"zamba\" width=\"500\" height=\"375\" srcset=\"https:\/\/notinor.com\/jujuy\/wp-content\/uploads\/2017\/02\/zamba.jpg 500w, https:\/\/notinor.com\/jujuy\/wp-content\/uploads\/2017\/02\/zamba-300x225.jpg 300w\" sizes=\"(max-width: 500px) 100vw, 500px\" \/><\/a><\/p>\n<p>El taller est\u00e1 pensado para quienes no tienen ning\u00fan conocimiento de la danza y est\u00e1 estructurado desde la pr\u00e1ctica de la danza.<\/p>\n<p>Los horarios propuestos son en tres turnos, para mayor comodidad de los y las interesados. Lunes, mi\u00e9rcoles y viernes de 10 a 11.30; o de 17.30 a 19; 0 de 19 a 20.30.<\/p>\n<p>Para consultas e inscripci\u00f3n, dirigirse al Centro Cultural Coquena, G\u00fcemes 640, esquina Otero o al mail\u00a0<a href=\"mailto:buenosaires100@gmail.com\" target=\"_blank\">buenosaires100@gmail.com<\/a><\/p>\n<p>El costo del taller es $250.<br \/>\nRolando Gonz\u00e1lez es juje\u00f1o, docente de Danzas Folcl\u00f3ricas Argentinas, con m\u00e1s\u00a0 de 20 a\u00f1os en experiencia en el dictando clases. Reside actualmente en la ciudad de Buenos Aires. \u00daltimos trabajos m\u00e1s destacados: Docente de folclore en la casa de la Pcia. de Jujuy en Bs.As. 2017. Docente de folclore en la casa de la Pcia. de Tucum\u00e1n en Bs As. Director cuerpo de baile de la Facultad de Medicina dependiente de la UBA.<\/p>\n<p>&nbsp;<\/p>\n<p>&nbsp;<\/p>\n","protected":false},"excerpt":{"rendered":"<p>Los d\u00edas lunes13, martes 15 y viernes 17 de febrero en el Centro Cultural Coquena (G\u00fcemes 640) se dictar\u00e1\u00a0 un Taller Intensivo de Zamba, a cargo del prof. Rolando Gonzalez. El taller est\u00e1 pensado para quienes no tienen ning\u00fan conocimiento de la danza y est\u00e1 estructurado desde la pr\u00e1ctica de la danza. Los horarios propuestos [&hellip;]<\/p>\n","protected":false},"author":1,"featured_media":107006,"comment_status":"open","ping_status":"open","sticky":false,"template":"","format":"standard","meta":{"_stopmodifiedupdate":false,"_modified_date":"","inline_featured_image":false,"spay_email":"","jetpack_publicize_message":""},"categories":[21,13],"tags":[],"jetpack_featured_media_url":"https:\/\/notinor.com\/jujuy\/wp-content\/uploads\/2017\/02\/zamba.jpg","jetpack_publicize_connections":[],"_links":{"self":[{"href":"https:\/\/notinor.com\/jujuy\/wp-json\/wp\/v2\/posts\/107005"}],"collection":[{"href":"https:\/\/notinor.com\/jujuy\/wp-json\/wp\/v2\/posts"}],"about":[{"href":"https:\/\/notinor.com\/jujuy\/wp-json\/wp\/v2\/types\/post"}],"author":[{"embeddable":true,"href":"https:\/\/notinor.com\/jujuy\/wp-json\/wp\/v2\/users\/1"}],"replies":[{"embeddable":true,"href":"https:\/\/notinor.com\/jujuy\/wp-json\/wp\/v2\/comments?post=107005"}],"version-history":[{"count":1,"href":"https:\/\/notinor.com\/jujuy\/wp-json\/wp\/v2\/posts\/107005\/revisions"}],"predecessor-version":[{"id":107007,"href":"https:\/\/notinor.com\/jujuy\/wp-json\/wp\/v2\/posts\/107005\/revisions\/107007"}],"wp:featuredmedia":[{"embeddable":true,"href":"https:\/\/notinor.com\/jujuy\/wp-json\/wp\/v2\/media\/107006"}],"wp:attachment":[{"href":"https:\/\/notinor.com\/jujuy\/wp-json\/wp\/v2\/media?parent=107005"}],"wp:term":[{"taxonomy":"category","embeddable":true,"href":"https:\/\/notinor.com\/jujuy\/wp-json\/wp\/v2\/categories?post=107005"},{"taxonomy":"post_tag","embeddable":true,"href":"https:\/\/notinor.com\/jujuy\/wp-json\/wp\/v2\/tags?post=107005"}],"curies":[{"name":"wp","href":"https:\/\/api.w.org\/{rel}","templated":true}]}}