{"id":105769,"date":"2017-01-30T11:18:32","date_gmt":"2017-01-30T14:18:32","guid":{"rendered":"http:\/\/notinor.com\/jujuy\/?p=105769"},"modified":"2017-01-30T11:41:17","modified_gmt":"2017-01-30T14:41:17","slug":"ley-de-migraciones-por-decreto-se-acelero-los-procesos-de-deportacion-e-ingreso-a-la-argentina-de-extranjeros-que-hayan-cometido-delitos","status":"publish","type":"post","link":"https:\/\/notinor.com\/jujuy\/ley-de-migraciones-por-decreto-se-acelero-los-procesos-de-deportacion-e-ingreso-a-la-argentina-de-extranjeros-que-hayan-cometido-delitos\/","title":{"rendered":"Se aceler\u00f3 los procesos de deportaci\u00f3n e ingreso a la Argentina de extranjeros"},"content":{"rendered":"<p><a href=\"http:\/\/notinor.com\/jujuy\/wp-content\/uploads\/2017\/01\/frontera-la-quiaca1.jpg\"><img decoding=\"async\" loading=\"lazy\" class=\"alignnone size-full wp-image-105771\" src=\"http:\/\/notinor.com\/jujuy\/wp-content\/uploads\/2017\/01\/frontera-la-quiaca1.jpg\" alt=\"frontera-la-quiaca\" width=\"1000\" height=\"750\" srcset=\"https:\/\/notinor.com\/jujuy\/wp-content\/uploads\/2017\/01\/frontera-la-quiaca1.jpg 1000w, https:\/\/notinor.com\/jujuy\/wp-content\/uploads\/2017\/01\/frontera-la-quiaca1-300x225.jpg 300w\" sizes=\"(max-width: 1000px) 100vw, 1000px\" \/><\/a><\/p>\n<p>El Poder Ejecutivo nacional oficializ\u00f3 este lunes a trav\u00e9s de un Decreto de Necesidad y Urgencia (DNU) modificaciones a la Ley de Migraciones con el objetivo de acelerar los procesos de deportaci\u00f3n de extranjeros que hayan cometido delitos, ante lo que se\u00f1ala como \"una situaci\u00f3n cr\u00edtica que amerita la adopci\u00f3n de medidas urgentes\".<\/p>\n<p>En este sentido, lo que la norma reglamenta es \"un procedimiento migratorio especial de car\u00e1cter sumar\u00edsimo, aplicable a aquellos casos en los que personas de nacionalidad extranjera se encontraran involucradas en hechos delictivos y a quienes hubieren ingresado en forma clandestina al territorio nacional, eludiendo el control migratorio\".<\/p>\n<p>\u201cAnte recientes hechos de criminalidad organizada de p\u00fablico y notorio conocimiento, el Estado Nacional ha enfrentado severas dificultades para concretar \u00f3rdenes de expulsi\u00f3n dictadas contra personas de nacionalidad extranjera, como consecuencia de un complejo procedimiento recursivo que, en algunos casos, puede llegar a siete a\u00f1os de tramitaci\u00f3n\u201d, se\u00f1alan los considerandos.<\/p>\n<p>As\u00ed lo establece el Decreto 70\/2017 publicado en la edici\u00f3n de hoy del Bolet\u00edn Oficial, con la firma del presidente Mauricio Macri; del jefe de Gabinete, Marcos Pe\u00f1a; y del todos los ministros del gabinete nacional.<\/p>\n<p>En el inicio de su texto, la norma remarca que los principios establecidos por la Constituci\u00f3n Nacional en relaci\u00f3n a los derechos que gozan los extranjeros en el pa\u00eds pero, a su vez, subraya que \"cada Estado Nacional tiene la prerrogativa soberana de decidir los criterios de admisi\u00f3n y expulsi\u00f3n de los no nacionales\" y que el ejercicio de esa potestad \"debe hacerse con pleno respeto de los derechos de las personas extranjeras y en forma compatible con las normas de protecci\u00f3n de los Derechos Humanos\".<\/p>\n<p>En este sentido, el DNU se\u00f1ala que, \"en los \u00faltimos a\u00f1os se verifica una proporci\u00f3n sumamente baja en la relaci\u00f3n existente entre la cantidad de expulsiones dispuestas por la autoridad migratoria competente, fundadas en la existencia de antecedentes penales, y las efectivamente concretadas\".<\/p>\n<p>No obstante, afirma que \"la poblaci\u00f3n de personas de nacionalidad extranjera bajo custodia del Servicio Penitenciario Federal se ha incrementado en los \u00faltimos a\u00f1os hasta alcanzar en 2016 el 21,35 por ciento de la poblaci\u00f3n carcelaria total\".<\/p>\n<p>Adem\u00e1s, destaca que, \"en relaci\u00f3n a los delitos vinculados a la narcocriminalidad, se observa que el 33 por ciento de las personas bajo custodia del Servicio Penitenciario Federal son extranjeros\" y argumenta que eso demuestra que \"la poblaci\u00f3n extranjera est\u00e1 altamente representada entre los detenidos, teniendo en cuenta que, conforme el \u00faltimo censo nacional, la participaci\u00f3n de la poblaci\u00f3n extranjera como porcentaje de la poblaci\u00f3n total es del 4,5 por ciento\".<\/p>\n<p>Por otro lado, el DNU indica que, \"como consecuencia de los controles implementados por la actual gesti\u00f3n de la Direcci\u00f3n Nacional de Migraciones se ha detectado en el \u00faltimo a\u00f1o una nueva modalidad de fraude a la ley migratoria, consistente en un uso abusivo y contrario a los fines de la ley del instituto de la residencia precaria\".<\/p>\n<p>\"Lo hasta aqu\u00ed expuesto configura una situaci\u00f3n cr\u00edtica que amerita la adopci\u00f3n de medidas urgentes\", concluyen los considerandos de la norma publicada este lunes en el Bolet\u00edn Oficial.<\/p>\n<p>En este sentido, el Decreto se\u00f1ala que, \"el an\u00e1lisis efectuado de diversos reg\u00edmenes vigentes en el Derecho Comparado permite concluir que los procedimientos de expulsi\u00f3n de personas de nacionalidad extranjera se sustancian por regla general de manera expedita, pues la cuesti\u00f3n a resolver en ellos queda circunscripta a determinar si a un extranjero le asiste o no el derecho de permanecer en el territorio del Estado respectivo\".<\/p>\n<p>Con este argumento, esgrime que \"la razonabilidad del plazo de duraci\u00f3n de un proceso reviste gran importancia para el efectivo respeto del derecho al debido proceso legal garantizado en la Constituci\u00f3n Nacional y en los Tratados Internacionales suscritos por nuestro pa\u00eds\".<\/p>\n<p>Por ese motivo, la norma entiende que esa situaci\u00f3n \"justifica la regulaci\u00f3n inmediata de un procedimiento migratorio especial de car\u00e1cter sumar\u00edsimo, aplicable a aquellos casos en los que personas de nacionalidad extranjera se encontraran involucradas en hechos delictivos y a quienes hubieren ingresado en forma clandestina al territorio nacional, eludiendo el control migratorio\".<\/p>\n<p>Adem\u00e1s, remarca que el \"procedimiento sumar\u00edsimo\" que establece el decreto es \"respetuoso del art\u00edculo 22 inciso tercero de la Convenci\u00f3n Americana de Derechos Humanos en cuanto se orienta a la protecci\u00f3n de la seguridad y el orden p\u00fablico\".<\/p>\n","protected":false},"excerpt":{"rendered":"<p>El Poder Ejecutivo nacional oficializ\u00f3 este lunes a trav\u00e9s de un Decreto de Necesidad y Urgencia (DNU) modificaciones a la Ley de Migraciones con el objetivo de acelerar los procesos de deportaci\u00f3n de extranjeros que hayan cometido delitos, ante lo que se\u00f1ala como \"una situaci\u00f3n cr\u00edtica que amerita la adopci\u00f3n de medidas urgentes\". En este [&hellip;]<\/p>\n","protected":false},"author":1,"featured_media":105616,"comment_status":"open","ping_status":"open","sticky":false,"template":"","format":"standard","meta":{"_stopmodifiedupdate":false,"_modified_date":"","inline_featured_image":false},"categories":[485],"tags":[],"jetpack_featured_media_url":"https:\/\/notinor.com\/jujuy\/wp-content\/uploads\/2017\/01\/frontera-la-quiaca.jpg","_links":{"self":[{"href":"https:\/\/notinor.com\/jujuy\/wp-json\/wp\/v2\/posts\/105769"}],"collection":[{"href":"https:\/\/notinor.com\/jujuy\/wp-json\/wp\/v2\/posts"}],"about":[{"href":"https:\/\/notinor.com\/jujuy\/wp-json\/wp\/v2\/types\/post"}],"author":[{"embeddable":true,"href":"https:\/\/notinor.com\/jujuy\/wp-json\/wp\/v2\/users\/1"}],"replies":[{"embeddable":true,"href":"https:\/\/notinor.com\/jujuy\/wp-json\/wp\/v2\/comments?post=105769"}],"version-history":[{"count":4,"href":"https:\/\/notinor.com\/jujuy\/wp-json\/wp\/v2\/posts\/105769\/revisions"}],"predecessor-version":[{"id":105785,"href":"https:\/\/notinor.com\/jujuy\/wp-json\/wp\/v2\/posts\/105769\/revisions\/105785"}],"wp:featuredmedia":[{"embeddable":true,"href":"https:\/\/notinor.com\/jujuy\/wp-json\/wp\/v2\/media\/105616"}],"wp:attachment":[{"href":"https:\/\/notinor.com\/jujuy\/wp-json\/wp\/v2\/media?parent=105769"}],"wp:term":[{"taxonomy":"category","embeddable":true,"href":"https:\/\/notinor.com\/jujuy\/wp-json\/wp\/v2\/categories?post=105769"},{"taxonomy":"post_tag","embeddable":true,"href":"https:\/\/notinor.com\/jujuy\/wp-json\/wp\/v2\/tags?post=105769"}],"curies":[{"name":"wp","href":"https:\/\/api.w.org\/{rel}","templated":true}]}}