{"id":105296,"date":"2017-01-24T00:00:23","date_gmt":"2017-01-24T03:00:23","guid":{"rendered":"http:\/\/notinor.com\/jujuy\/?p=105296"},"modified":"2017-01-24T13:11:39","modified_gmt":"2017-01-24T16:11:39","slug":"personal-de-higiene-urbana-nuevamente-en-volcan","status":"publish","type":"post","link":"https:\/\/notinor.com\/jujuy\/personal-de-higiene-urbana-nuevamente-en-volcan\/","title":{"rendered":"Personal de Higiene Urbana nuevamente en Volc\u00e1n"},"content":{"rendered":"<p>La Municipalidad de San Salvador de Jujuy, a trav\u00e9s de la Direcci\u00f3n de Higiene Urbana, ha dispuesto de un contingente de operarios municipales para colaborar con la recuperaci\u00f3n de las zonas afectadas por el alud.<\/p>\n<p><a href=\"http:\/\/notinor.com\/jujuy\/wp-content\/uploads\/2017\/01\/higiene-urbana-municipalidad-volcan.jpg\"><img decoding=\"async\" loading=\"lazy\" class=\"alignnone size-full wp-image-105297\" src=\"http:\/\/notinor.com\/jujuy\/wp-content\/uploads\/2017\/01\/higiene-urbana-municipalidad-volcan.jpg\" alt=\"higiene urbana municipalidad volcan\" width=\"887\" height=\"589\" srcset=\"https:\/\/notinor.com\/jujuy\/wp-content\/uploads\/2017\/01\/higiene-urbana-municipalidad-volcan.jpg 887w, https:\/\/notinor.com\/jujuy\/wp-content\/uploads\/2017\/01\/higiene-urbana-municipalidad-volcan-300x199.jpg 300w\" sizes=\"(max-width: 887px) 100vw, 887px\" \/><\/a><\/p>\n<p>El Director de Higiene Urbana, Roberto Soraide, explic\u00f3 c\u00f3mo funciona el operativo de ayuda que parte todas las ma\u00f1anas hacia la zona del desastre, en coordinaci\u00f3n con el Ministerio de Medio Ambiente de la Provincia. \"Por disposici\u00f3n del se\u00f1or Intendente Ra\u00fal \"Chuli\" Jorge, en una actitud solidaria con los municipios afectados por el alud estamos enviando cuadrillas todos los d\u00edas al Norte para colaborar en los trabajos de limpieza\u201d.<\/p>\n<p>Nuevamente m\u00e1s de 50 empleados de la Direcci\u00f3n Higiene Urbana subieron a las zonas afectadas \u00a0para asistir en el operativo de emergencia dispuesto, \"venimos trabajando hace d\u00edas en esto, hemos trabajado mucho en sacar toneladas de barro de viviendas y plaza; \u00a0ahora nos avocamos en la limpieza de las calles, \u00a0la recolecci\u00f3n de residuos y desinfecci\u00f3n, fumigaci\u00f3n y desmalezamientos\", finaliz\u00f3 Soraire.<\/p>\n<p>El funcionario destac\u00f3 que desde la gesti\u00f3n, como de la Secretaria de Servicios P\u00fablicos se baj\u00f3 la orden directa de colaborar en todo lo que se pueda. \u201cJujuy es nuestra provincia, y como el municipio m\u00e1s importante debemos ser parte de esto, acompa\u00f1ando, ayudando, brindando todo nuestro trabajo y recursos para hacer que los pueblos damnificados por las inclemencias del tiempo recuperen su esplendor, pero por sobre todo ayudar para que cada vecino recuperen su dignidad\u201d<\/p>\n","protected":false},"excerpt":{"rendered":"<p>La Municipalidad de San Salvador de Jujuy, a trav\u00e9s de la Direcci\u00f3n de Higiene Urbana, ha dispuesto de un contingente de operarios municipales para colaborar con la recuperaci\u00f3n de las zonas afectadas por el alud. El Director de Higiene Urbana, Roberto Soraide, explic\u00f3 c\u00f3mo funciona el operativo de ayuda que parte todas las ma\u00f1anas hacia [&hellip;]<\/p>\n","protected":false},"author":1,"featured_media":105297,"comment_status":"open","ping_status":"open","sticky":false,"template":"","format":"standard","meta":{"_stopmodifiedupdate":false,"_modified_date":"","inline_featured_image":false,"spay_email":"","jetpack_publicize_message":""},"categories":[2,490],"tags":[],"jetpack_featured_media_url":"https:\/\/notinor.com\/jujuy\/wp-content\/uploads\/2017\/01\/higiene-urbana-municipalidad-volcan.jpg","jetpack_publicize_connections":[],"_links":{"self":[{"href":"https:\/\/notinor.com\/jujuy\/wp-json\/wp\/v2\/posts\/105296"}],"collection":[{"href":"https:\/\/notinor.com\/jujuy\/wp-json\/wp\/v2\/posts"}],"about":[{"href":"https:\/\/notinor.com\/jujuy\/wp-json\/wp\/v2\/types\/post"}],"author":[{"embeddable":true,"href":"https:\/\/notinor.com\/jujuy\/wp-json\/wp\/v2\/users\/1"}],"replies":[{"embeddable":true,"href":"https:\/\/notinor.com\/jujuy\/wp-json\/wp\/v2\/comments?post=105296"}],"version-history":[{"count":1,"href":"https:\/\/notinor.com\/jujuy\/wp-json\/wp\/v2\/posts\/105296\/revisions"}],"predecessor-version":[{"id":105298,"href":"https:\/\/notinor.com\/jujuy\/wp-json\/wp\/v2\/posts\/105296\/revisions\/105298"}],"wp:featuredmedia":[{"embeddable":true,"href":"https:\/\/notinor.com\/jujuy\/wp-json\/wp\/v2\/media\/105297"}],"wp:attachment":[{"href":"https:\/\/notinor.com\/jujuy\/wp-json\/wp\/v2\/media?parent=105296"}],"wp:term":[{"taxonomy":"category","embeddable":true,"href":"https:\/\/notinor.com\/jujuy\/wp-json\/wp\/v2\/categories?post=105296"},{"taxonomy":"post_tag","embeddable":true,"href":"https:\/\/notinor.com\/jujuy\/wp-json\/wp\/v2\/tags?post=105296"}],"curies":[{"name":"wp","href":"https:\/\/api.w.org\/{rel}","templated":true}]}}