{"id":105293,"date":"2017-01-24T00:00:21","date_gmt":"2017-01-24T03:00:21","guid":{"rendered":"http:\/\/notinor.com\/jujuy\/?p=105293"},"modified":"2017-01-24T13:11:48","modified_gmt":"2017-01-24T16:11:48","slug":"funcionario-municipal-con-heridas-graves-en-su-rostro","status":"publish","type":"post","link":"https:\/\/notinor.com\/jujuy\/funcionario-municipal-con-heridas-graves-en-su-rostro\/","title":{"rendered":"Funcionario municipal con heridas graves en su rostro"},"content":{"rendered":"<p><a href=\"http:\/\/notinor.com\/jujuy\/wp-content\/uploads\/2017\/01\/bruno-jerez-herido.jpg\"><img decoding=\"async\" loading=\"lazy\" class=\"size-full wp-image-105294 aligncenter\" src=\"http:\/\/notinor.com\/jujuy\/wp-content\/uploads\/2017\/01\/bruno-jerez-herido.jpg\" alt=\"bruno jerez herido\" width=\"887\" height=\"589\" srcset=\"https:\/\/notinor.com\/jujuy\/wp-content\/uploads\/2017\/01\/bruno-jerez-herido.jpg 887w, https:\/\/notinor.com\/jujuy\/wp-content\/uploads\/2017\/01\/bruno-jerez-herido-300x199.jpg 300w\" sizes=\"(max-width: 887px) 100vw, 887px\" \/><\/a><\/p>\n<p>En el marco del operativo de reorganizaci\u00f3n y recuperaci\u00f3n del espacio p\u00fablico, el subsecretario de Fiscalizaci\u00f3n y Control, Bruno Jerez, sufri\u00f3 importantes heridas por una piedra arrojada por parte de algunos vendedores de la zona de Ex Terminal.<\/p>\n<p>Ya fueron realizadas las presentaciones correspondientes en la justicia.<\/p>\n<p>En la Seccional 4ta de Cuyaya, se procedi\u00f3 a realizar la denuncia correspondiente y consultado al respecto sobre lo acontecido, el Subsecretario de Fiscalizaci\u00f3n y Control del municipio capitalino, Bruno Jerez detallo \u201cen medio del operativo para controlar el horario, las personas comenzaron a los golpes. Me tiraron una piedra en la cabeza. En ning\u00fan momento el personal municipal atac\u00f3 ni devolvi\u00f3 las agresiones, al contrario nosotros apostamos al dialogo, a las notificaciones. Hoy no les importan nada, se manejan a los golpes, no respetan las ordenanzas vigentes, ni las leyes contravencionales; y lo que es peor, no respetan al vecino ni a s\u00ed mismos con este comercio informal que causa competencia desleal para tantos comerciantes de la zona\u201d<\/p>\n<p>El funcionario destac\u00f3 que por decisi\u00f3n del ejecutivo municipal se est\u00e1 trabajando en el sector, acompa\u00f1ados por personal policial; pero \u201clamentablemente tenemos estas consecuencias, agresiones y golpes. Hoy no solo yo fui agredido, hay personal de la secretaria que recibi\u00f3 rasgu\u00f1os, insultos y golpes\u201d.<\/p>\n<p>Las denuncias fueron realizadas en la seccional 4 del Barrio Cuyaya. Las personas involucradas fueron claramente individualizas y obviamente tienen intereses en la zona pero no precisamente las mismas necesidades que muchos de los vendedores ambulantes que trabajan dignamente d\u00eda a d\u00eda.<\/p>\n","protected":false},"excerpt":{"rendered":"<p>En el marco del operativo de reorganizaci\u00f3n y recuperaci\u00f3n del espacio p\u00fablico, el subsecretario de Fiscalizaci\u00f3n y Control, Bruno Jerez, sufri\u00f3 importantes heridas por una piedra arrojada por parte de algunos vendedores de la zona de Ex Terminal. Ya fueron realizadas las presentaciones correspondientes en la justicia. En la Seccional 4ta de Cuyaya, se procedi\u00f3 [&hellip;]<\/p>\n","protected":false},"author":1,"featured_media":105294,"comment_status":"open","ping_status":"open","sticky":false,"template":"","format":"standard","meta":{"_stopmodifiedupdate":false,"_modified_date":"","inline_featured_image":false,"spay_email":"","jetpack_publicize_message":""},"categories":[2,490],"tags":[],"jetpack_featured_media_url":"https:\/\/notinor.com\/jujuy\/wp-content\/uploads\/2017\/01\/bruno-jerez-herido.jpg","jetpack_publicize_connections":[],"_links":{"self":[{"href":"https:\/\/notinor.com\/jujuy\/wp-json\/wp\/v2\/posts\/105293"}],"collection":[{"href":"https:\/\/notinor.com\/jujuy\/wp-json\/wp\/v2\/posts"}],"about":[{"href":"https:\/\/notinor.com\/jujuy\/wp-json\/wp\/v2\/types\/post"}],"author":[{"embeddable":true,"href":"https:\/\/notinor.com\/jujuy\/wp-json\/wp\/v2\/users\/1"}],"replies":[{"embeddable":true,"href":"https:\/\/notinor.com\/jujuy\/wp-json\/wp\/v2\/comments?post=105293"}],"version-history":[{"count":1,"href":"https:\/\/notinor.com\/jujuy\/wp-json\/wp\/v2\/posts\/105293\/revisions"}],"predecessor-version":[{"id":105295,"href":"https:\/\/notinor.com\/jujuy\/wp-json\/wp\/v2\/posts\/105293\/revisions\/105295"}],"wp:featuredmedia":[{"embeddable":true,"href":"https:\/\/notinor.com\/jujuy\/wp-json\/wp\/v2\/media\/105294"}],"wp:attachment":[{"href":"https:\/\/notinor.com\/jujuy\/wp-json\/wp\/v2\/media?parent=105293"}],"wp:term":[{"taxonomy":"category","embeddable":true,"href":"https:\/\/notinor.com\/jujuy\/wp-json\/wp\/v2\/categories?post=105293"},{"taxonomy":"post_tag","embeddable":true,"href":"https:\/\/notinor.com\/jujuy\/wp-json\/wp\/v2\/tags?post=105293"}],"curies":[{"name":"wp","href":"https:\/\/api.w.org\/{rel}","templated":true}]}}