{"id":105256,"date":"2017-01-24T02:40:12","date_gmt":"2017-01-24T05:40:12","guid":{"rendered":"http:\/\/notinor.com\/jujuy\/?p=105256"},"modified":"2017-01-24T02:40:12","modified_gmt":"2017-01-24T05:40:12","slug":"la-casa-blanca-elimino-de-su-pagina-web-la-version-en-espanol","status":"publish","type":"post","link":"https:\/\/notinor.com\/jujuy\/la-casa-blanca-elimino-de-su-pagina-web-la-version-en-espanol\/","title":{"rendered":"La Casa Blanca elimin\u00f3 de su p\u00e1gina web la versi\u00f3n en espa\u00f1ol"},"content":{"rendered":"<p>Tambi\u00e9n cerr\u00f3 las cuentas oficiales en ese idioma en redes sociales<\/p>\n<p>Donald Trump ha dado otro portazo a la comunidad hispana de Estados Unidos, la primera minor\u00eda del pa\u00eds. Adem\u00e1s de no contar con ning\u00fan hispano para su gabinete, algo que no suced\u00eda desde hac\u00eda casi 30 a\u00f1os, el nuevo equipo en la Casa Blanca ha cerrado las cuentas en espa\u00f1ol que el gobierno ten\u00eda en las redes sociales. La Casa Blanca ya es s\u00f3lo la White House.<br \/>\nAl mediod\u00eda del viernes 20, la nueva Casa Blanca cambiaba r\u00e1pidamente de manos, anal\u00f3gica y digitalmente.<\/p>\n<p>Adem\u00e1s de variar y recortar sustancialmente los enlaces a los \"asuntos\" del nuevo gobierno, hay otro bot\u00f3n que desapareci\u00f3: \"En espa\u00f1ol\".<br \/>\nEste enlace ligaba a la web en castellano de la presidencia y en la que, adem\u00e1s de los temas de la p\u00e1gina principal en ingl\u00e9s, se destacaban intereses especiales de la comunidad hispana.<\/p>\n<p>Pese a la patente predilecci\u00f3n del nuevo presidente por Twitter como medio de comunicaci\u00f3n, la versi\u00f3n en espa\u00f1ol de la cuenta de la Casa Blanca tambi\u00e9n ha quedado paralizada. El \u00faltimo tuit en espa\u00f1ol es del 13 de enero.<br \/>\nSin vocero<\/p>\n<p>Click Aqui<br \/>\nTampoco hay por ahora, como s\u00ed lo hubo durante la era Obama, un vocero espec\u00edficamente dedicado a los medios en espa\u00f1ol y a temas de inter\u00e9s hispano.<\/p>\n<p>Que los hispanos no son una prioridad para el nuevo presidente qued\u00f3 claro durante la larga campa\u00f1a electoral, en la que demoniz\u00f3 a los inmigrantes latinoamericanos.<\/p>\n<p>La \u00fanica expresi\u00f3n en espa\u00f1ol que us\u00f3 el entonces candidato republicano fue el despectivo \"bad hombres\" con el que se refiri\u00f3, durante el \u00faltimo debate presidencial con la dem\u00f3crata Hillary Clinton, para referirse a los inmigrantes \"ilegales peligrosos\" que ha prometido deportar.<\/p>\n","protected":false},"excerpt":{"rendered":"<p>Tambi\u00e9n cerr\u00f3 las cuentas oficiales en ese idioma en redes sociales Donald Trump ha dado otro portazo a la comunidad hispana de Estados Unidos, la primera minor\u00eda del pa\u00eds. Adem\u00e1s de no contar con ning\u00fan hispano para su gabinete, algo que no suced\u00eda desde hac\u00eda casi 30 a\u00f1os, el nuevo equipo en la Casa Blanca [&hellip;]<\/p>\n","protected":false},"author":1,"featured_media":105257,"comment_status":"open","ping_status":"open","sticky":false,"template":"","format":"standard","meta":{"_stopmodifiedupdate":false,"_modified_date":"","inline_featured_image":false,"spay_email":"","jetpack_publicize_message":""},"categories":[16],"tags":[],"jetpack_featured_media_url":"https:\/\/notinor.com\/jujuy\/wp-content\/uploads\/2017\/01\/donald-trump-presidente-de-eeuu-2348897w620.jpg","jetpack_publicize_connections":[],"_links":{"self":[{"href":"https:\/\/notinor.com\/jujuy\/wp-json\/wp\/v2\/posts\/105256"}],"collection":[{"href":"https:\/\/notinor.com\/jujuy\/wp-json\/wp\/v2\/posts"}],"about":[{"href":"https:\/\/notinor.com\/jujuy\/wp-json\/wp\/v2\/types\/post"}],"author":[{"embeddable":true,"href":"https:\/\/notinor.com\/jujuy\/wp-json\/wp\/v2\/users\/1"}],"replies":[{"embeddable":true,"href":"https:\/\/notinor.com\/jujuy\/wp-json\/wp\/v2\/comments?post=105256"}],"version-history":[{"count":1,"href":"https:\/\/notinor.com\/jujuy\/wp-json\/wp\/v2\/posts\/105256\/revisions"}],"predecessor-version":[{"id":105258,"href":"https:\/\/notinor.com\/jujuy\/wp-json\/wp\/v2\/posts\/105256\/revisions\/105258"}],"wp:featuredmedia":[{"embeddable":true,"href":"https:\/\/notinor.com\/jujuy\/wp-json\/wp\/v2\/media\/105257"}],"wp:attachment":[{"href":"https:\/\/notinor.com\/jujuy\/wp-json\/wp\/v2\/media?parent=105256"}],"wp:term":[{"taxonomy":"category","embeddable":true,"href":"https:\/\/notinor.com\/jujuy\/wp-json\/wp\/v2\/categories?post=105256"},{"taxonomy":"post_tag","embeddable":true,"href":"https:\/\/notinor.com\/jujuy\/wp-json\/wp\/v2\/tags?post=105256"}],"curies":[{"name":"wp","href":"https:\/\/api.w.org\/{rel}","templated":true}]}}