{"id":105253,"date":"2017-01-24T02:37:31","date_gmt":"2017-01-24T05:37:31","guid":{"rendered":"http:\/\/notinor.com\/jujuy\/?p=105253"},"modified":"2017-01-24T02:37:31","modified_gmt":"2017-01-24T05:37:31","slug":"capturan-en-mexico-al-hijo-del-cofundador-del-cartel-de-sinaloa","status":"publish","type":"post","link":"https:\/\/notinor.com\/jujuy\/capturan-en-mexico-al-hijo-del-cofundador-del-cartel-de-sinaloa\/","title":{"rendered":"Capturan en M\u00e9xico al hijo del cofundador del cartel de Sinaloa"},"content":{"rendered":"<p>Es sospechado de coordinar una red de distribuci\u00f3n de droga y administrar los recursos financieros de la agrupaci\u00f3n narcotraficante de \"El Chapo\" Guzm\u00e1n<\/p>\n<p>El hijo de Juan Jos\u00e9 Esparragoza, alias \"El Azul\", quien fund\u00f3 el cartel mexicano de Sinaloa con el ahora capturado Joaqu\u00edn \"El Chapo\" Guzm\u00e1n, fue arrestado la semana pasada y enfrentar\u00e1 un juicio por narcotr\u00e1fico, inform\u00f3 ayer el gobierno de M\u00e9xico.<br \/>\nFuerzas federales, encabezadas por la divisi\u00f3n antidrogas de la Polic\u00eda Federal, lograron la captura en las inmediaciones del municipio de Culiac\u00e1n, Sinaloa (noroeste), dijo en un mensaje a los medios el Comisionado Nacional de Seguridad, Renato Sales.<\/p>\n<p>El funcionario se refiri\u00f3 al arrestado como \"Juan Jos\u00e9 E.\", pero una fuente gubernamental confirm\u00f3 que se trata de Juan Jos\u00e9 Esparragoza, hijo del veterano capo del mismo nombre. Seg\u00fan esta fuente, que no est\u00e1 autorizada a dar declaraciones a la prensa, \"se presume\" que el hijo de \"El Azul\" tomar\u00eda las riendas del poderoso cartel de Sinaloa tras la captura y extradici\u00f3n a los Estados Unidos de \"El Chapo\" Guzm\u00e1n, el m\u00e1ximo l\u00edder. Sin embargo, algunos expertos estiman que el nuevo l\u00edder ser\u00eda Ismael \"El Mayo\" Zambada, otro de los cofundadores. Desde 2014 corre el rumor de que \"El Azul\" est\u00e1 muerto, pero esta informaci\u00f3n no fue confirmada por las autoridades.<br \/>\nSeg\u00fan Sales, Esparragoza hijo es sospechoso de coordinar una red de distribuci\u00f3n de droga y administrar los recursos financieros del cartel, con los que aparentemente compraba bienes inmuebles y creaba empresas en los estados de Baja California, Baja California Sur (noroeste), Jalisco (oeste), Quer\u00e9taro y el propio Sinaloa. Adem\u00e1s, \"se le considera como generador de violencia\" en ciudades fronterizas con los Estados Unidos, como Mexicali y Tijuana, a\u00f1adi\u00f3.<\/p>\n<p>El mismo d\u00eda de su detenci\u00f3n, las autoridades mexicanas extraditaron a \"El Chapo\" Guzm\u00e1n a Estados Unidos, quien el viernes se declar\u00f3 \"no culpable\" ante un tribunal en Nueva York, donde fue acusado de haber dirigido uno de los carteles de droga m\u00e1s poderosos de los \u00faltimos a\u00f1os, enviando miles de toneladas de hero\u00edna, coca\u00edna, marihuana y metanfetamina al pa\u00eds norteamericano.<\/p>\n<p>mundoideas<br \/>\nGuzm\u00e1n es requerido tambi\u00e9n por una corte en Texas y otra en California. Este legendario capo se fug\u00f3 por primera vez en 2001 de una prisi\u00f3n mexicana y fue recapturado en 2014. Al a\u00f1o siguiente se escap\u00f3 de un penal de m\u00e1xima seguridad y fue recapturado en enero pasado.<\/p>\n","protected":false},"excerpt":{"rendered":"<p>Es sospechado de coordinar una red de distribuci\u00f3n de droga y administrar los recursos financieros de la agrupaci\u00f3n narcotraficante de \"El Chapo\" Guzm\u00e1n El hijo de Juan Jos\u00e9 Esparragoza, alias \"El Azul\", quien fund\u00f3 el cartel mexicano de Sinaloa con el ahora capturado Joaqu\u00edn \"El Chapo\" Guzm\u00e1n, fue arrestado la semana pasada y enfrentar\u00e1 un [&hellip;]<\/p>\n","protected":false},"author":1,"featured_media":105254,"comment_status":"open","ping_status":"open","sticky":false,"template":"","format":"standard","meta":{"_stopmodifiedupdate":false,"_modified_date":"","inline_featured_image":false,"spay_email":"","jetpack_publicize_message":""},"categories":[6],"tags":[],"jetpack_featured_media_url":"https:\/\/notinor.com\/jujuy\/wp-content\/uploads\/2017\/01\/narcotrafico-2349412w620.jpg","jetpack_publicize_connections":[],"_links":{"self":[{"href":"https:\/\/notinor.com\/jujuy\/wp-json\/wp\/v2\/posts\/105253"}],"collection":[{"href":"https:\/\/notinor.com\/jujuy\/wp-json\/wp\/v2\/posts"}],"about":[{"href":"https:\/\/notinor.com\/jujuy\/wp-json\/wp\/v2\/types\/post"}],"author":[{"embeddable":true,"href":"https:\/\/notinor.com\/jujuy\/wp-json\/wp\/v2\/users\/1"}],"replies":[{"embeddable":true,"href":"https:\/\/notinor.com\/jujuy\/wp-json\/wp\/v2\/comments?post=105253"}],"version-history":[{"count":1,"href":"https:\/\/notinor.com\/jujuy\/wp-json\/wp\/v2\/posts\/105253\/revisions"}],"predecessor-version":[{"id":105255,"href":"https:\/\/notinor.com\/jujuy\/wp-json\/wp\/v2\/posts\/105253\/revisions\/105255"}],"wp:featuredmedia":[{"embeddable":true,"href":"https:\/\/notinor.com\/jujuy\/wp-json\/wp\/v2\/media\/105254"}],"wp:attachment":[{"href":"https:\/\/notinor.com\/jujuy\/wp-json\/wp\/v2\/media?parent=105253"}],"wp:term":[{"taxonomy":"category","embeddable":true,"href":"https:\/\/notinor.com\/jujuy\/wp-json\/wp\/v2\/categories?post=105253"},{"taxonomy":"post_tag","embeddable":true,"href":"https:\/\/notinor.com\/jujuy\/wp-json\/wp\/v2\/tags?post=105253"}],"curies":[{"name":"wp","href":"https:\/\/api.w.org\/{rel}","templated":true}]}}