{"id":105249,"date":"2017-01-24T02:35:11","date_gmt":"2017-01-24T05:35:11","guid":{"rendered":"http:\/\/notinor.com\/jujuy\/?p=105249"},"modified":"2017-01-24T02:35:11","modified_gmt":"2017-01-24T05:35:11","slug":"el-paso-de-jama-podria-estar-cerrado-hasta-el-viernes-por-caida-de-nieve","status":"publish","type":"post","link":"https:\/\/notinor.com\/jujuy\/el-paso-de-jama-podria-estar-cerrado-hasta-el-viernes-por-caida-de-nieve\/","title":{"rendered":"El Paso de Jama podr\u00eda estar cerrado hasta el viernes por ca\u00edda de nieve"},"content":{"rendered":"<p>\"Estoy desde las 6 de la ma\u00f1ana y nadie nos explica nada. Solo nos dijeron que del lado chileno hay acumulaci\u00f3n de nieve\", seg\u00fan relato\u00a0una salte\u00f1a que viaja a Iquique y qued\u00f3 varada en la frontera.<\/p>\n<p><a href=\"http:\/\/notinor.com\/jujuy\/wp-content\/uploads\/2017\/01\/0001705988.jpg\"><img decoding=\"async\" loading=\"lazy\" class=\"aligncenter  wp-image-105250\" src=\"http:\/\/notinor.com\/jujuy\/wp-content\/uploads\/2017\/01\/0001705988.jpg\" alt=\"0001705988\" width=\"638\" height=\"358\" srcset=\"https:\/\/notinor.com\/jujuy\/wp-content\/uploads\/2017\/01\/0001705988.jpg 1099w, https:\/\/notinor.com\/jujuy\/wp-content\/uploads\/2017\/01\/0001705988-300x169.jpg 300w, https:\/\/notinor.com\/jujuy\/wp-content\/uploads\/2017\/01\/0001705988-1024x576.jpg 1024w, https:\/\/notinor.com\/jujuy\/wp-content\/uploads\/2017\/01\/0001705988-199x112.jpg 199w, https:\/\/notinor.com\/jujuy\/wp-content\/uploads\/2017\/01\/0001705988-616x345.jpg 616w\" sizes=\"(max-width: 638px) 100vw, 638px\" \/><\/a><\/p>\n<div>El Ministerio de Transporte de la Naci\u00f3n, a trav\u00e9s de la Direcci\u00f3n Nacional de Vialidad, comunic\u00f3 que fue cerrado por precauci\u00f3n en ambos sentidos de circulaci\u00f3n el Paso de Jama, en la ruta nacional N\u00ba 52, en Jujuy. Gendarmer\u00eda Nacional inform\u00f3 que previa comunicaci\u00f3n con el coordinador del paso fronterizo de Chile, procedi\u00f3 a inhabilitar el paso internacional por acumulaci\u00f3n de hielo y nieve sobre la calzada desde el km 40 al 60 y del 80 al 110 en la Ruta N\u00ba 27 de Chile. Por \u00faltimo informaron que el paso estar\u00eda cerrado, en principio, hasta el viernes.<\/div>\n<div>En los \u00faltimos d\u00edas se volvi\u00f3 m\u00e1s que traum\u00e1tico para los salte\u00f1os viajar a Iquique, en Chile. Es que si no hab\u00eda cortes en la ruta 9 tambi\u00e9n hab\u00eda en la ruta 51. Hoy no fue la excepci\u00f3n. Es que por un temporal de nieve est\u00e1 cerrado el paso fronterizo de Jama (Jujuy) y las personas no pueden cruzar a Chile.<\/div>\n<div>\"Estoy varada desde las 6 de la ma\u00f1ana y nadie nos explica nada, ni Gendarmer\u00eda, ni Carabineros, ni la gente de la Aduana. Solo sabemos que no se puede pasar porque el camino est\u00e1 bloqueado por la nieve del lado chileno\"<\/div>\n<div>\n<div>Milagros dijo que en la frontera hay por lo menos 8 colectivos de larga distancia, con unas 50 personas cada uno, m\u00e1s una enorme cantidad de veh\u00edculos particulares. \"Hay muchas familias completas y muchos ni\u00f1os. Encima a la \u00fanica confiter\u00eda del puesto ya le comenzaron a faltar los alimentos\", se\u00f1al\u00f3 y agreg\u00f3: \"A este ritmo tendremos que pasar la noche aqu\u00ed a la espera de que ma\u00f1ana se pueda pasar. Ser\u00e1 dif\u00edcil pasar la noche, porque en la madrugada la temperatura baja a unos 6 grados ac\u00e1\".<\/div>\n<div>La joven cont\u00f3 que no hay internet y que las comunicaciones son muy dif\u00edciles de realizar. Tambi\u00e9n se\u00f1al\u00f3 que la Aduana abre a las 8 de la ma\u00f1ana, por lo que la espera ser\u00e1 a\u00fan m\u00e1s larga.<\/div>\n<div>El sitio web de Gendarmer\u00eda nacional se\u00f1ala que el paso est\u00e1 cortado desde esta ma\u00f1ana, pese a que a esta hora el tiempo es bueno.<\/div>\n<div>\n<div>unos 35 veh\u00edculos tuvieron que ser rescatados en Jama, ya que sufrieron las inclemencias del tiempo en el lado chileno. Tambi\u00e9n se supo que hay argentinos en Atacama y Calama, que no pueden regresar.<\/div>\n<div>Sico, abierto<\/p>\n<div>Marcelo L\u00f3pez Arias, encargado de Relaciones Internacionales de Salta, le dijo a este diario que de acuerdo al reporte que recibi\u00f3 de la Direcci\u00f3n de Puestos Fronterizos de Chile, est\u00e1 muy fea la situaci\u00f3n clim\u00e1tica para pasar a Chile por Jama, al extremo de que no descartan que el corte en el paso siga ma\u00f1ana durante todo el d\u00eda.<\/div>\n<div><\/div>\n<div>Al tiempo que inform\u00f3 que el paso por Sico est\u00e1 abierto. \"Yo le recomiendo a la gente que si tiene que ir a Chile, lo haga por Sico, caso contrario espere dos o tres d\u00edas para ir por Jama\", se\u00f1al\u00f3.<\/div>\n<\/div>\n<\/div>\n<\/div>\n<div><\/div>\n<div><\/div>\n<div><\/div>\n<div>fuente el tribuno de salta<\/div>\n","protected":false},"excerpt":{"rendered":"<p>\"Estoy desde las 6 de la ma\u00f1ana y nadie nos explica nada. Solo nos dijeron que del lado chileno hay acumulaci\u00f3n de nieve\", seg\u00fan relato\u00a0una salte\u00f1a que viaja a Iquique y qued\u00f3 varada en la frontera. El Ministerio de Transporte de la Naci\u00f3n, a trav\u00e9s de la Direcci\u00f3n Nacional de Vialidad, comunic\u00f3 que fue cerrado [&hellip;]<\/p>\n","protected":false},"author":1,"featured_media":105250,"comment_status":"open","ping_status":"open","sticky":false,"template":"","format":"standard","meta":{"_stopmodifiedupdate":false,"_modified_date":"","inline_featured_image":false,"spay_email":"","jetpack_publicize_message":""},"categories":[488],"tags":[],"jetpack_featured_media_url":"https:\/\/notinor.com\/jujuy\/wp-content\/uploads\/2017\/01\/0001705988.jpg","jetpack_publicize_connections":[],"_links":{"self":[{"href":"https:\/\/notinor.com\/jujuy\/wp-json\/wp\/v2\/posts\/105249"}],"collection":[{"href":"https:\/\/notinor.com\/jujuy\/wp-json\/wp\/v2\/posts"}],"about":[{"href":"https:\/\/notinor.com\/jujuy\/wp-json\/wp\/v2\/types\/post"}],"author":[{"embeddable":true,"href":"https:\/\/notinor.com\/jujuy\/wp-json\/wp\/v2\/users\/1"}],"replies":[{"embeddable":true,"href":"https:\/\/notinor.com\/jujuy\/wp-json\/wp\/v2\/comments?post=105249"}],"version-history":[{"count":1,"href":"https:\/\/notinor.com\/jujuy\/wp-json\/wp\/v2\/posts\/105249\/revisions"}],"predecessor-version":[{"id":105251,"href":"https:\/\/notinor.com\/jujuy\/wp-json\/wp\/v2\/posts\/105249\/revisions\/105251"}],"wp:featuredmedia":[{"embeddable":true,"href":"https:\/\/notinor.com\/jujuy\/wp-json\/wp\/v2\/media\/105250"}],"wp:attachment":[{"href":"https:\/\/notinor.com\/jujuy\/wp-json\/wp\/v2\/media?parent=105249"}],"wp:term":[{"taxonomy":"category","embeddable":true,"href":"https:\/\/notinor.com\/jujuy\/wp-json\/wp\/v2\/categories?post=105249"},{"taxonomy":"post_tag","embeddable":true,"href":"https:\/\/notinor.com\/jujuy\/wp-json\/wp\/v2\/tags?post=105249"}],"curies":[{"name":"wp","href":"https:\/\/api.w.org\/{rel}","templated":true}]}}