{"id":105240,"date":"2017-01-24T00:00:42","date_gmt":"2017-01-24T03:00:42","guid":{"rendered":"http:\/\/notinor.com\/jujuy\/?p=105240"},"modified":"2017-01-23T22:39:34","modified_gmt":"2017-01-24T01:39:34","slug":"atencion-paso-de-jama-cerrado-desde-el-lado-chileno","status":"publish","type":"post","link":"https:\/\/notinor.com\/jujuy\/atencion-paso-de-jama-cerrado-desde-el-lado-chileno\/","title":{"rendered":"Atenci\u00f3n: Paso de Jama Cerrado desde el lado chileno"},"content":{"rendered":"<div class=\"itemIntroText\">\n<p><a href=\"http:\/\/notinor.com\/jujuy\/wp-content\/uploads\/2017\/01\/paso-de-jama.jpg\"><img decoding=\"async\" loading=\"lazy\" class=\"alignnone size-full wp-image-104341\" src=\"http:\/\/notinor.com\/jujuy\/wp-content\/uploads\/2017\/01\/paso-de-jama.jpg\" alt=\"paso de jama\" width=\"540\" height=\"220\" srcset=\"https:\/\/notinor.com\/jujuy\/wp-content\/uploads\/2017\/01\/paso-de-jama.jpg 540w, https:\/\/notinor.com\/jujuy\/wp-content\/uploads\/2017\/01\/paso-de-jama-300x122.jpg 300w\" sizes=\"(max-width: 540px) 100vw, 540px\" \/><\/a><\/p>\n<p>La Direcci\u00f3n Nacional de Vialidad, comunic\u00f3 que fue cerrado por precauci\u00f3n en ambos sentidos de circulaci\u00f3n el Paso de Jama, en Ruta Nacional N\u00ba 52, provincia de Jujuy.<\/p>\n<\/div>\n<div class=\"itemFullText\">\n<p>A su vez, Gendarmer\u00eda Nacional inform\u00f3 que previa comunicaci\u00f3n con el Coordinador del Paso fronterizo de Chile, procedi\u00f3 a inhabilitar el Paso internacional por acumulaci\u00f3n de hielo y nieve sobre la calzada desde el km 40 al 60 y del 80 al 110 en la Ruta N\u00b0 27 de Chile. \u00a0Se recomienda los conductores circular con precauci\u00f3n, llevar luces bajas encendidas, y respetar las velocidades m\u00e1ximas y m\u00ednimas permitidas.<\/p>\n<\/div>\n","protected":false},"excerpt":{"rendered":"<p>La Direcci\u00f3n Nacional de Vialidad, comunic\u00f3 que fue cerrado por precauci\u00f3n en ambos sentidos de circulaci\u00f3n el Paso de Jama, en Ruta Nacional N\u00ba 52, provincia de Jujuy. A su vez, Gendarmer\u00eda Nacional inform\u00f3 que previa comunicaci\u00f3n con el Coordinador del Paso fronterizo de Chile, procedi\u00f3 a inhabilitar el Paso internacional por acumulaci\u00f3n de hielo [&hellip;]<\/p>\n","protected":false},"author":1,"featured_media":104341,"comment_status":"open","ping_status":"open","sticky":false,"template":"","format":"standard","meta":{"_stopmodifiedupdate":false,"_modified_date":"","inline_featured_image":false,"spay_email":"","jetpack_publicize_message":""},"categories":[485],"tags":[],"jetpack_featured_media_url":"https:\/\/notinor.com\/jujuy\/wp-content\/uploads\/2017\/01\/paso-de-jama.jpg","jetpack_publicize_connections":[],"_links":{"self":[{"href":"https:\/\/notinor.com\/jujuy\/wp-json\/wp\/v2\/posts\/105240"}],"collection":[{"href":"https:\/\/notinor.com\/jujuy\/wp-json\/wp\/v2\/posts"}],"about":[{"href":"https:\/\/notinor.com\/jujuy\/wp-json\/wp\/v2\/types\/post"}],"author":[{"embeddable":true,"href":"https:\/\/notinor.com\/jujuy\/wp-json\/wp\/v2\/users\/1"}],"replies":[{"embeddable":true,"href":"https:\/\/notinor.com\/jujuy\/wp-json\/wp\/v2\/comments?post=105240"}],"version-history":[{"count":1,"href":"https:\/\/notinor.com\/jujuy\/wp-json\/wp\/v2\/posts\/105240\/revisions"}],"predecessor-version":[{"id":105244,"href":"https:\/\/notinor.com\/jujuy\/wp-json\/wp\/v2\/posts\/105240\/revisions\/105244"}],"wp:featuredmedia":[{"embeddable":true,"href":"https:\/\/notinor.com\/jujuy\/wp-json\/wp\/v2\/media\/104341"}],"wp:attachment":[{"href":"https:\/\/notinor.com\/jujuy\/wp-json\/wp\/v2\/media?parent=105240"}],"wp:term":[{"taxonomy":"category","embeddable":true,"href":"https:\/\/notinor.com\/jujuy\/wp-json\/wp\/v2\/categories?post=105240"},{"taxonomy":"post_tag","embeddable":true,"href":"https:\/\/notinor.com\/jujuy\/wp-json\/wp\/v2\/tags?post=105240"}],"curies":[{"name":"wp","href":"https:\/\/api.w.org\/{rel}","templated":true}]}}