{"id":105230,"date":"2017-01-24T00:05:33","date_gmt":"2017-01-24T03:05:33","guid":{"rendered":"http:\/\/notinor.com\/jujuy\/?p=105230"},"modified":"2017-01-23T22:27:19","modified_gmt":"2017-01-24T01:27:19","slug":"incidentes-en-la-vieja-terminal-terminaron-con-un-funcionario-municipal-herido","status":"publish","type":"post","link":"https:\/\/notinor.com\/jujuy\/incidentes-en-la-vieja-terminal-terminaron-con-un-funcionario-municipal-herido\/","title":{"rendered":"Incidentes en la vieja terminal terminaron con un funcionario municipal herido"},"content":{"rendered":"<p><a href=\"http:\/\/notinor.com\/jujuy\/wp-content\/uploads\/2017\/01\/jerez-golpeado.jpg\"><img decoding=\"async\" loading=\"lazy\" class=\"size-full wp-image-105231 aligncenter\" src=\"http:\/\/notinor.com\/jujuy\/wp-content\/uploads\/2017\/01\/jerez-golpeado.jpg\" alt=\"jerez golpeado\" width=\"581\" height=\"1032\" srcset=\"https:\/\/notinor.com\/jujuy\/wp-content\/uploads\/2017\/01\/jerez-golpeado.jpg 581w, https:\/\/notinor.com\/jujuy\/wp-content\/uploads\/2017\/01\/jerez-golpeado-169x300.jpg 169w, https:\/\/notinor.com\/jujuy\/wp-content\/uploads\/2017\/01\/jerez-golpeado-576x1024.jpg 576w\" sizes=\"(max-width: 581px) 100vw, 581px\" \/><\/a><\/p>\n<p>El hecho tuvo lugar en el d\u00eda de ayer en horas de la tarde donde funcionarios municipales se apersonaron a la zona de la vieja terminal para dar cumplimiento con el plan de reordenamiento, pero se produjeron discusiones, \u00a0ri\u00f1as que termino con una piedra arrojada que cayo en la cabeza de Bruno Jerez.<\/p>\n<p>Desde el\u00a0Gobierno de la provincia se repudi\u00f3 en\u00e9rgicamente los actos de violencia que sufri\u00f3 el funcionario municipal en inmediaciones de la Vieja\u00a0 Terminal, mientras cumpl\u00eda con sus obligaciones laborales.<\/p>\n<div style=\"width: 640px;\" class=\"wp-video\"><!--[if lt IE 9]><script>document.createElement('video');<\/script><![endif]-->\n<video class=\"wp-video-shortcode\" id=\"video-105230-1\" width=\"640\" height=\"480\" preload=\"metadata\" controls=\"controls\"><source type=\"video\/mp4\" src=\"http:\/\/notinor.com\/jujuy\/wp-content\/uploads\/2017\/01\/WhatsApp-Video-2017-01-23-at-20.20.11.mp4?_=1\" \/><a href=\"http:\/\/notinor.com\/jujuy\/wp-content\/uploads\/2017\/01\/WhatsApp-Video-2017-01-23-at-20.20.11.mp4\">http:\/\/notinor.com\/jujuy\/wp-content\/uploads\/2017\/01\/WhatsApp-Video-2017-01-23-at-20.20.11.mp4<\/a><\/video><\/div>\n<p>El hecho ocurri\u00f3 mientras el funcionario dialogaba con los \u00a0vendedores ambulantes de la zona buscando negociar la reubicaci\u00f3n de los mismos (actividad enmarcada dentro del plan de recuperaci\u00f3n de los espacios p\u00fablicos que lleva adelante el municipio capitalino), momento en que fue alzando con una piedra\u00a0que impacto fuertemente en su rostro, caus\u00e1ndole una herida en el rostro.<\/p>\n<p>A ra\u00edz de este suceso, el Gobierno de la provincia hace votos para que este hecho se esclarezca, y el o los agresores sean identificados y puestos a disposici\u00f3n de la justicia, y al mismo tiempo se privilegie un nuevo espacio de di\u00e1logo.<\/p>\n","protected":false},"excerpt":{"rendered":"<p>El hecho tuvo lugar en el d\u00eda de ayer en horas de la tarde donde funcionarios municipales se apersonaron a la zona de la vieja terminal para dar cumplimiento con el plan de reordenamiento, pero se produjeron discusiones, \u00a0ri\u00f1as que termino con una piedra arrojada que cayo en la cabeza de Bruno Jerez. Desde el\u00a0Gobierno [&hellip;]<\/p>\n","protected":false},"author":1,"featured_media":105239,"comment_status":"open","ping_status":"open","sticky":false,"template":"","format":"standard","meta":{"_stopmodifiedupdate":false,"_modified_date":"","inline_featured_image":false,"spay_email":"","jetpack_publicize_message":""},"categories":[485],"tags":[],"jetpack_featured_media_url":"https:\/\/notinor.com\/jujuy\/wp-content\/uploads\/2017\/01\/jerez-golpeado-2.jpg","jetpack_publicize_connections":[],"_links":{"self":[{"href":"https:\/\/notinor.com\/jujuy\/wp-json\/wp\/v2\/posts\/105230"}],"collection":[{"href":"https:\/\/notinor.com\/jujuy\/wp-json\/wp\/v2\/posts"}],"about":[{"href":"https:\/\/notinor.com\/jujuy\/wp-json\/wp\/v2\/types\/post"}],"author":[{"embeddable":true,"href":"https:\/\/notinor.com\/jujuy\/wp-json\/wp\/v2\/users\/1"}],"replies":[{"embeddable":true,"href":"https:\/\/notinor.com\/jujuy\/wp-json\/wp\/v2\/comments?post=105230"}],"version-history":[{"count":1,"href":"https:\/\/notinor.com\/jujuy\/wp-json\/wp\/v2\/posts\/105230\/revisions"}],"predecessor-version":[{"id":105237,"href":"https:\/\/notinor.com\/jujuy\/wp-json\/wp\/v2\/posts\/105230\/revisions\/105237"}],"wp:featuredmedia":[{"embeddable":true,"href":"https:\/\/notinor.com\/jujuy\/wp-json\/wp\/v2\/media\/105239"}],"wp:attachment":[{"href":"https:\/\/notinor.com\/jujuy\/wp-json\/wp\/v2\/media?parent=105230"}],"wp:term":[{"taxonomy":"category","embeddable":true,"href":"https:\/\/notinor.com\/jujuy\/wp-json\/wp\/v2\/categories?post=105230"},{"taxonomy":"post_tag","embeddable":true,"href":"https:\/\/notinor.com\/jujuy\/wp-json\/wp\/v2\/tags?post=105230"}],"curies":[{"name":"wp","href":"https:\/\/api.w.org\/{rel}","templated":true}]}}