{"id":105218,"date":"2017-01-24T00:30:58","date_gmt":"2017-01-24T03:30:58","guid":{"rendered":"http:\/\/notinor.com\/jujuy\/?p=105218"},"modified":"2017-01-23T21:32:12","modified_gmt":"2017-01-24T00:32:12","slug":"la-municipaliad-presente-en-volcan","status":"publish","type":"post","link":"https:\/\/notinor.com\/jujuy\/la-municipaliad-presente-en-volcan\/","title":{"rendered":"La Municipaliad presente en Volc\u00e1n"},"content":{"rendered":"<p><em>Equipos de la Secretaria de Servicios P\u00fablicos de la Municipalidad de San Salvador de Jujuy colaboraron en la jornada del s\u00e1bado en la localidad de Volc\u00e1n a fin de aportar un granito de arena en esta tarea mancomunada de limpieza en la zona.<\/em><\/p>\n<p><a href=\"http:\/\/notinor.com\/jujuy\/wp-content\/uploads\/2017\/01\/volcan-muni.jpg\"><img decoding=\"async\" loading=\"lazy\" class=\"alignnone size-full wp-image-105219\" src=\"http:\/\/notinor.com\/jujuy\/wp-content\/uploads\/2017\/01\/volcan-muni.jpg\" alt=\"volcan muni\" width=\"851\" height=\"638\" srcset=\"https:\/\/notinor.com\/jujuy\/wp-content\/uploads\/2017\/01\/volcan-muni.jpg 851w, https:\/\/notinor.com\/jujuy\/wp-content\/uploads\/2017\/01\/volcan-muni-300x225.jpg 300w\" sizes=\"(max-width: 851px) 100vw, 851px\" \/><\/a><\/p>\n<p>Cuadrillas de la Direcci\u00f3n General de Higiene Urbana partieron en horas de la ma\u00f1ana del s\u00e1bado rumbo a Volc\u00e1n a fin de colaborar con la limpieza del pueblo.<\/p>\n<p>Los m\u00e1s de 50 empleados municipales y tres funcionarios de la cartera de Barrido y Limpieza dependiente de Higiene Urbana se avocaron a la limpieza de la Plaza principal y calles aleda\u00f1as a la plaza e Iglesia.<\/p>\n<p>Por otro lado es de destacar la tarea que realiza el equipo de recolecci\u00f3n de residuos de la Municipalidad de San Salvador de Jujuy. Consultado sobre el tema, el Secretario de Servicios P\u00fablicos, Guillermo Marenco afirm\u00f3 \u201cEl trabajo se est\u00e1 haciendo diariamente desde hace una semana. Un equipo de esta municipalidad brinda el servicio de recolecci\u00f3n de residuos domiciliarios por las calles del pueblo\u201d.<\/p>\n<p>Por otro lado, el funcionario resalt\u00f3 el compromiso de trabajo y colaboraci\u00f3n que tiene la familia municipal: \u201cEste trabajo se realiz\u00f3 como colaboraci\u00f3n que ofreci\u00f3 el intendente Chuli Jorge al Gobernador de la Provincia y a la Ministra de Medio Ambiente. Es importante el trabajo de los distintos municipios, pero m\u00e1s que ello el compromiso da cada uno de nosotros como vecinos juje\u00f1os para ayudar a estas localidades que hoy sufren las inclemencias del tiempo\u201d.<\/p>\n","protected":false},"excerpt":{"rendered":"<p>Equipos de la Secretaria de Servicios P\u00fablicos de la Municipalidad de San Salvador de Jujuy colaboraron en la jornada del s\u00e1bado en la localidad de Volc\u00e1n a fin de aportar un granito de arena en esta tarea mancomunada de limpieza en la zona. Cuadrillas de la Direcci\u00f3n General de Higiene Urbana partieron en horas de [&hellip;]<\/p>\n","protected":false},"author":1,"featured_media":105219,"comment_status":"open","ping_status":"open","sticky":false,"template":"","format":"standard","meta":{"_stopmodifiedupdate":false,"_modified_date":"","inline_featured_image":false,"spay_email":"","jetpack_publicize_message":""},"categories":[2,490],"tags":[],"jetpack_featured_media_url":"https:\/\/notinor.com\/jujuy\/wp-content\/uploads\/2017\/01\/volcan-muni.jpg","jetpack_publicize_connections":[],"_links":{"self":[{"href":"https:\/\/notinor.com\/jujuy\/wp-json\/wp\/v2\/posts\/105218"}],"collection":[{"href":"https:\/\/notinor.com\/jujuy\/wp-json\/wp\/v2\/posts"}],"about":[{"href":"https:\/\/notinor.com\/jujuy\/wp-json\/wp\/v2\/types\/post"}],"author":[{"embeddable":true,"href":"https:\/\/notinor.com\/jujuy\/wp-json\/wp\/v2\/users\/1"}],"replies":[{"embeddable":true,"href":"https:\/\/notinor.com\/jujuy\/wp-json\/wp\/v2\/comments?post=105218"}],"version-history":[{"count":1,"href":"https:\/\/notinor.com\/jujuy\/wp-json\/wp\/v2\/posts\/105218\/revisions"}],"predecessor-version":[{"id":105220,"href":"https:\/\/notinor.com\/jujuy\/wp-json\/wp\/v2\/posts\/105218\/revisions\/105220"}],"wp:featuredmedia":[{"embeddable":true,"href":"https:\/\/notinor.com\/jujuy\/wp-json\/wp\/v2\/media\/105219"}],"wp:attachment":[{"href":"https:\/\/notinor.com\/jujuy\/wp-json\/wp\/v2\/media?parent=105218"}],"wp:term":[{"taxonomy":"category","embeddable":true,"href":"https:\/\/notinor.com\/jujuy\/wp-json\/wp\/v2\/categories?post=105218"},{"taxonomy":"post_tag","embeddable":true,"href":"https:\/\/notinor.com\/jujuy\/wp-json\/wp\/v2\/tags?post=105218"}],"curies":[{"name":"wp","href":"https:\/\/api.w.org\/{rel}","templated":true}]}}