{"id":105207,"date":"2017-01-24T00:00:58","date_gmt":"2017-01-24T03:00:58","guid":{"rendered":"http:\/\/notinor.com\/jujuy\/?p=105207"},"modified":"2017-01-23T18:26:45","modified_gmt":"2017-01-23T21:26:45","slug":"triaca-el-cambio-en-las-art-hara-mas-expeditivos-los-tramites","status":"publish","type":"post","link":"https:\/\/notinor.com\/jujuy\/triaca-el-cambio-en-las-art-hara-mas-expeditivos-los-tramites\/","title":{"rendered":"Triaca: el cambio en las ART har\u00e1 m\u00e1s expeditivos los tr\u00e1mites"},"content":{"rendered":"<p><a href=\"http:\/\/notinor.com\/jujuy\/wp-content\/uploads\/2015\/11\/jorge-triaca.jpg\"><img decoding=\"async\" loading=\"lazy\" class=\"alignnone size-full wp-image-53075\" src=\"http:\/\/notinor.com\/jujuy\/wp-content\/uploads\/2015\/11\/jorge-triaca.jpg\" alt=\"jorge triaca\" width=\"645\" height=\"393\" srcset=\"https:\/\/notinor.com\/jujuy\/wp-content\/uploads\/2015\/11\/jorge-triaca.jpg 645w, https:\/\/notinor.com\/jujuy\/wp-content\/uploads\/2015\/11\/jorge-triaca-300x183.jpg 300w, https:\/\/notinor.com\/jujuy\/wp-content\/uploads\/2015\/11\/jorge-triaca-408x250.jpg 408w\" sizes=\"(max-width: 645px) 100vw, 645px\" \/><\/a><\/p>\n<p>El ministro de Trabajo, Jorge Triaca, sostuvo este lunes que el decreto del Poder Ejecutivo que modifica el r\u00e9gimen de riesgos de trabajo (ART)\u00a0 apunta a \"cuidar los derechos de los trabajadores y a darle m\u00e1s certeza\" a ese sistema.<br \/>\nTriaca se\u00f1al\u00f3 que en los \u00faltimos a\u00f1os hubo \"un crecimiento casi exponencial en la cantidad de litigios a partir de accidentes de trabajo, pero no hab\u00eda crecido la cantidad de accidentes, sino que hab\u00eda bajado\".<br \/>\nIndic\u00f3 que eso contribuy\u00f3 a generar \"la famosa industria del juicio, que no beneficia a los trabajadores\".<br \/>\nExplic\u00f3 que los trabajadores \"tardan casi tres a\u00f1os en restituir sus derechos a partir de los juicios y hab\u00eda casi 90 d\u00edas de demora para que les otorguen un turno\" en las audiencias de las comisiones m\u00e9dicas.<br \/>\nDijo que ahora \"hemos puesto todos los puntos para que los trabajadores tengan una forma m\u00e1s expeditiva de recibir ayuda\".<br \/>\n\"Hay casi 4.500 millones de d\u00f3lares en pasivos contingentes para ser resueltos en estos litigios. Ten\u00edamos que dar una soluci\u00f3n a este tema y lo hicimos focalizando que cuidemos los derechos de los trabajadores\", subray\u00f3 el ministro en declaraciones a las radios Mitre y La Red.<br \/>\nAgreg\u00f3 que con ese objetivo \"a trav\u00e9s de las comisiones m\u00e9dicas, que van a ir con acuerdo de las provincias a brindarle el servicio de homologaci\u00f3n, y de darle un criterio uniforme a cada uno de los accidentes y de los siniestros que ocurran, le podemos dar m\u00e1s certeza a los trabajadores\".<br \/>\n\"Y, por supuesto, tambi\u00e9n dar certeza de cobertura de seguro a los empresarios, lo que tambi\u00e9n era parte del problema, porque hab\u00eda\u00a0 aumentado el promedio de la al\u00edcuota que se estaba pagando y eso iba en detrimento de la posibilidad de generar empleo\", asever\u00f3.<br \/>\nDestac\u00f3 que otro punto importante del decreto de necesidad y urgencia que dict\u00f3 el Gobierno es que \"hab\u00eda muchas provincias que no brindaban la cobertura de riesgos de trabajo y les estamos dando un mecanismo para que lo puedan hacer\".<br \/>\nPrecis\u00f3 que eso beneficiar\u00e1 \"a casi un mill\u00f3n de trabajadores de provincias y municipios que van a poder tener esa cobertura\".<br \/>\nEl titular de la cartera laboral dijo que el contenido del decreto ha sido \"conversado con los dirigentes de la CGT y estamos todos de acuerdo\".<br \/>\n\"Lo que se ha puesto en el decreto es la media sanci\u00f3n que sali\u00f3 del Senado, que ten\u00eda acuerdo\u00a0 en general con la CGT\", remarc\u00f3.<br \/>\nAgreg\u00f3 que \"por supuesto, la CGT nos reclama que\u00a0 avancemos con una ley de prevenci\u00f3n en la que ya estamos trabajando en un borrador\" a fin de elaborar una norma m\u00e1s \"actualizada\".\u00b4<br \/>\n\"Es parte de di\u00e1logo que venimos haciendo con la central\u00a0 obrera\", afirm\u00f3 Triaca.<\/p>\n","protected":false},"excerpt":{"rendered":"<p>El ministro de Trabajo, Jorge Triaca, sostuvo este lunes que el decreto del Poder Ejecutivo que modifica el r\u00e9gimen de riesgos de trabajo (ART)\u00a0 apunta a \"cuidar los derechos de los trabajadores y a darle m\u00e1s certeza\" a ese sistema. Triaca se\u00f1al\u00f3 que en los \u00faltimos a\u00f1os hubo \"un crecimiento casi exponencial en la cantidad [&hellip;]<\/p>\n","protected":false},"author":1,"featured_media":53075,"comment_status":"open","ping_status":"open","sticky":false,"template":"","format":"standard","meta":{"_stopmodifiedupdate":false,"_modified_date":"","inline_featured_image":false,"spay_email":"","jetpack_publicize_message":""},"categories":[5],"tags":[],"jetpack_featured_media_url":"https:\/\/notinor.com\/jujuy\/wp-content\/uploads\/2015\/11\/jorge-triaca.jpg","jetpack_publicize_connections":[],"_links":{"self":[{"href":"https:\/\/notinor.com\/jujuy\/wp-json\/wp\/v2\/posts\/105207"}],"collection":[{"href":"https:\/\/notinor.com\/jujuy\/wp-json\/wp\/v2\/posts"}],"about":[{"href":"https:\/\/notinor.com\/jujuy\/wp-json\/wp\/v2\/types\/post"}],"author":[{"embeddable":true,"href":"https:\/\/notinor.com\/jujuy\/wp-json\/wp\/v2\/users\/1"}],"replies":[{"embeddable":true,"href":"https:\/\/notinor.com\/jujuy\/wp-json\/wp\/v2\/comments?post=105207"}],"version-history":[{"count":1,"href":"https:\/\/notinor.com\/jujuy\/wp-json\/wp\/v2\/posts\/105207\/revisions"}],"predecessor-version":[{"id":105208,"href":"https:\/\/notinor.com\/jujuy\/wp-json\/wp\/v2\/posts\/105207\/revisions\/105208"}],"wp:featuredmedia":[{"embeddable":true,"href":"https:\/\/notinor.com\/jujuy\/wp-json\/wp\/v2\/media\/53075"}],"wp:attachment":[{"href":"https:\/\/notinor.com\/jujuy\/wp-json\/wp\/v2\/media?parent=105207"}],"wp:term":[{"taxonomy":"category","embeddable":true,"href":"https:\/\/notinor.com\/jujuy\/wp-json\/wp\/v2\/categories?post=105207"},{"taxonomy":"post_tag","embeddable":true,"href":"https:\/\/notinor.com\/jujuy\/wp-json\/wp\/v2\/tags?post=105207"}],"curies":[{"name":"wp","href":"https:\/\/api.w.org\/{rel}","templated":true}]}}