{"id":105204,"date":"2017-01-24T00:00:59","date_gmt":"2017-01-24T03:00:59","guid":{"rendered":"http:\/\/notinor.com\/jujuy\/?p=105204"},"modified":"2017-01-23T18:21:16","modified_gmt":"2017-01-23T21:21:16","slug":"continua-normalmente-el-enero-tilcareno","status":"publish","type":"post","link":"https:\/\/notinor.com\/jujuy\/continua-normalmente-el-enero-tilcareno\/","title":{"rendered":"Contin\u00faa normalmente el Enero Tilcare\u00f1o"},"content":{"rendered":"<p><a href=\"http:\/\/notinor.com\/jujuy\/wp-content\/uploads\/2017\/01\/Lipan-en-Enero-Tilcare\u00f1o.jpg\"><img decoding=\"async\" loading=\"lazy\" class=\"alignnone size-full wp-image-105205\" src=\"http:\/\/notinor.com\/jujuy\/wp-content\/uploads\/2017\/01\/Lipan-en-Enero-Tilcare\u00f1o.jpg\" alt=\"Lipan en Enero Tilcare\u00f1o\" width=\"960\" height=\"812\" srcset=\"https:\/\/notinor.com\/jujuy\/wp-content\/uploads\/2017\/01\/Lipan-en-Enero-Tilcare\u00f1o.jpg 960w, https:\/\/notinor.com\/jujuy\/wp-content\/uploads\/2017\/01\/Lipan-en-Enero-Tilcare\u00f1o-300x254.jpg 300w\" sizes=\"(max-width: 960px) 100vw, 960px\" \/><\/a><\/p>\n<p>El evento se llev\u00f3 a cabo en el Tinglado municipal\u00a0 y cont\u00f3 con la presencia art\u00edsticas de distintos m\u00fasicos locales, provinciales y nacionales.<br \/>\nSi bien Tilcara venia de una baja tur\u00edstica a ra\u00edz de la suspensi\u00f3n provisoria del festival y algunas actividades en solidaridad de nuestros hermanos de Volc\u00e1n, Tumbaya y B\u00e1rcena, el d\u00eda s\u00e1bado fue excepcional por que se vivi\u00f3 una noche muy acogedora y llena de folclore en el Tinglado Municipal de Tilcara.<br \/>\nEntre los m\u00fasicos que pudieron escucharse esa noche se destacan Silvia Irondo, Tukuta Gordillo, Capi Nieva, Canto 4, Ternura, Tom\u00e1s Lip\u00e1n entre otros.<\/p>\n","protected":false},"excerpt":{"rendered":"<p>El evento se llev\u00f3 a cabo en el Tinglado municipal\u00a0 y cont\u00f3 con la presencia art\u00edsticas de distintos m\u00fasicos locales, provinciales y nacionales. Si bien Tilcara venia de una baja tur\u00edstica a ra\u00edz de la suspensi\u00f3n provisoria del festival y algunas actividades en solidaridad de nuestros hermanos de Volc\u00e1n, Tumbaya y B\u00e1rcena, el d\u00eda s\u00e1bado [&hellip;]<\/p>\n","protected":false},"author":1,"featured_media":105205,"comment_status":"open","ping_status":"open","sticky":false,"template":"","format":"standard","meta":{"_stopmodifiedupdate":false,"_modified_date":"","inline_featured_image":false,"spay_email":"","jetpack_publicize_message":""},"categories":[4],"tags":[],"jetpack_featured_media_url":"https:\/\/notinor.com\/jujuy\/wp-content\/uploads\/2017\/01\/Lipan-en-Enero-Tilcare\u00f1o.jpg","jetpack_publicize_connections":[],"_links":{"self":[{"href":"https:\/\/notinor.com\/jujuy\/wp-json\/wp\/v2\/posts\/105204"}],"collection":[{"href":"https:\/\/notinor.com\/jujuy\/wp-json\/wp\/v2\/posts"}],"about":[{"href":"https:\/\/notinor.com\/jujuy\/wp-json\/wp\/v2\/types\/post"}],"author":[{"embeddable":true,"href":"https:\/\/notinor.com\/jujuy\/wp-json\/wp\/v2\/users\/1"}],"replies":[{"embeddable":true,"href":"https:\/\/notinor.com\/jujuy\/wp-json\/wp\/v2\/comments?post=105204"}],"version-history":[{"count":1,"href":"https:\/\/notinor.com\/jujuy\/wp-json\/wp\/v2\/posts\/105204\/revisions"}],"predecessor-version":[{"id":105206,"href":"https:\/\/notinor.com\/jujuy\/wp-json\/wp\/v2\/posts\/105204\/revisions\/105206"}],"wp:featuredmedia":[{"embeddable":true,"href":"https:\/\/notinor.com\/jujuy\/wp-json\/wp\/v2\/media\/105205"}],"wp:attachment":[{"href":"https:\/\/notinor.com\/jujuy\/wp-json\/wp\/v2\/media?parent=105204"}],"wp:term":[{"taxonomy":"category","embeddable":true,"href":"https:\/\/notinor.com\/jujuy\/wp-json\/wp\/v2\/categories?post=105204"},{"taxonomy":"post_tag","embeddable":true,"href":"https:\/\/notinor.com\/jujuy\/wp-json\/wp\/v2\/tags?post=105204"}],"curies":[{"name":"wp","href":"https:\/\/api.w.org\/{rel}","templated":true}]}}