{"id":105202,"date":"2017-01-24T00:00:24","date_gmt":"2017-01-24T03:00:24","guid":{"rendered":"http:\/\/notinor.com\/jujuy\/?p=105202"},"modified":"2017-01-23T18:12:26","modified_gmt":"2017-01-23T21:12:26","slug":"dificultad-en-la-provision-de-agua-potable-en-san-pedro","status":"publish","type":"post","link":"https:\/\/notinor.com\/jujuy\/dificultad-en-la-provision-de-agua-potable-en-san-pedro\/","title":{"rendered":"Dificultad en la provisi\u00f3n de agua potable en San Pedro"},"content":{"rendered":"<p><a href=\"http:\/\/notinor.com\/jujuy\/wp-content\/uploads\/2016\/11\/sequia-agua-potable.jpg\"><img decoding=\"async\" loading=\"lazy\" class=\"alignnone size-full wp-image-96025\" src=\"http:\/\/notinor.com\/jujuy\/wp-content\/uploads\/2016\/11\/sequia-agua-potable.jpg\" alt=\"sequia-agua-potable\" width=\"594\" height=\"480\" srcset=\"https:\/\/notinor.com\/jujuy\/wp-content\/uploads\/2016\/11\/sequia-agua-potable.jpg 594w, https:\/\/notinor.com\/jujuy\/wp-content\/uploads\/2016\/11\/sequia-agua-potable-300x242.jpg 300w\" sizes=\"(max-width: 594px) 100vw, 594px\" \/><\/a><\/p>\n<p>En este sentido \u00a0Agua Potable de Jujuy y la Municipalidad se encuentran trabajando en forma conjunta, realizando la distribuci\u00f3n del l\u00edquido vital a trav\u00e9s de camiones cisternas en los lugares afectados.<\/p>\n<p>En este caso el municipio colabora con este trabajo brindando agua en el barrio Snopek y se encuentra a disposici\u00f3n de la empresa, en el caso de necesitar otros camiones para proveer de agua a los barrios que as\u00ed lo necesiten.<\/p>\n","protected":false},"excerpt":{"rendered":"<p>En este sentido \u00a0Agua Potable de Jujuy y la Municipalidad se encuentran trabajando en forma conjunta, realizando la distribuci\u00f3n del l\u00edquido vital a trav\u00e9s de camiones cisternas en los lugares afectados. En este caso el municipio colabora con este trabajo brindando agua en el barrio Snopek y se encuentra a disposici\u00f3n de la empresa, en [&hellip;]<\/p>\n","protected":false},"author":1,"featured_media":96025,"comment_status":"open","ping_status":"open","sticky":false,"template":"","format":"standard","meta":{"_stopmodifiedupdate":false,"_modified_date":"","inline_featured_image":false,"spay_email":"","jetpack_publicize_message":""},"categories":[4],"tags":[],"jetpack_featured_media_url":"https:\/\/notinor.com\/jujuy\/wp-content\/uploads\/2016\/11\/sequia-agua-potable.jpg","jetpack_publicize_connections":[],"_links":{"self":[{"href":"https:\/\/notinor.com\/jujuy\/wp-json\/wp\/v2\/posts\/105202"}],"collection":[{"href":"https:\/\/notinor.com\/jujuy\/wp-json\/wp\/v2\/posts"}],"about":[{"href":"https:\/\/notinor.com\/jujuy\/wp-json\/wp\/v2\/types\/post"}],"author":[{"embeddable":true,"href":"https:\/\/notinor.com\/jujuy\/wp-json\/wp\/v2\/users\/1"}],"replies":[{"embeddable":true,"href":"https:\/\/notinor.com\/jujuy\/wp-json\/wp\/v2\/comments?post=105202"}],"version-history":[{"count":1,"href":"https:\/\/notinor.com\/jujuy\/wp-json\/wp\/v2\/posts\/105202\/revisions"}],"predecessor-version":[{"id":105203,"href":"https:\/\/notinor.com\/jujuy\/wp-json\/wp\/v2\/posts\/105202\/revisions\/105203"}],"wp:featuredmedia":[{"embeddable":true,"href":"https:\/\/notinor.com\/jujuy\/wp-json\/wp\/v2\/media\/96025"}],"wp:attachment":[{"href":"https:\/\/notinor.com\/jujuy\/wp-json\/wp\/v2\/media?parent=105202"}],"wp:term":[{"taxonomy":"category","embeddable":true,"href":"https:\/\/notinor.com\/jujuy\/wp-json\/wp\/v2\/categories?post=105202"},{"taxonomy":"post_tag","embeddable":true,"href":"https:\/\/notinor.com\/jujuy\/wp-json\/wp\/v2\/tags?post=105202"}],"curies":[{"name":"wp","href":"https:\/\/api.w.org\/{rel}","templated":true}]}}