{"id":105091,"date":"2017-01-22T00:00:07","date_gmt":"2017-01-22T03:00:07","guid":{"rendered":"http:\/\/notinor.com\/jujuy\/?p=105091"},"modified":"2017-01-21T18:31:59","modified_gmt":"2017-01-21T21:31:59","slug":"como-se-trabajo-para-contener-psicologicamente-a-los-afectados-del-alud","status":"publish","type":"post","link":"https:\/\/notinor.com\/jujuy\/como-se-trabajo-para-contener-psicologicamente-a-los-afectados-del-alud\/","title":{"rendered":"Como se trabajo para contener psicol\u00f3gicamente a los afectados del alud"},"content":{"rendered":"<p><a href=\"http:\/\/notinor.com\/jujuy\/wp-content\/uploads\/2017\/01\/salud-mental-alud.jpg\"><img decoding=\"async\" loading=\"lazy\" class=\"alignnone size-full wp-image-105092\" src=\"http:\/\/notinor.com\/jujuy\/wp-content\/uploads\/2017\/01\/salud-mental-alud.jpg\" alt=\"salud mental alud\" width=\"1024\" height=\"576\" srcset=\"https:\/\/notinor.com\/jujuy\/wp-content\/uploads\/2017\/01\/salud-mental-alud.jpg 1024w, https:\/\/notinor.com\/jujuy\/wp-content\/uploads\/2017\/01\/salud-mental-alud-300x169.jpg 300w, https:\/\/notinor.com\/jujuy\/wp-content\/uploads\/2017\/01\/salud-mental-alud-199x112.jpg 199w\" sizes=\"(max-width: 1024px) 100vw, 1024px\" \/><\/a><\/p>\n<p>El Ministro de Salud, Mario Fiad se refiri\u00f3 a las tareas que est\u00e1n desarrollando los equipos de salud mental con todas las personas que directa o indirectamente han sido afectados por el aluvi\u00f3n en el departamento Tumbaya. \u201cTodo este trabajo tiene la prioridad de cuidar y contener a cada ciudadano que fue afectado por este fen\u00f3meno natural, para cumplirlo hemos desplegado todos los dispositivos sanitarios en materia de salud mental a fin de resguardarlos\u201d, detall\u00f3.<\/p>\n<p>Asimismo explic\u00f3 que una situaci\u00f3n de desastre natural, \u201cimplica siempre un alto impacto en toda la poblaci\u00f3n, el efecto traum\u00e1tico de estos eventos requiere la intervenci\u00f3n de los equipos de salud mental desde el primer momento como lo hicimos en este caso. Las intervenciones apuntan, en primera instancia, a la contenci\u00f3n y detecci\u00f3n de pobladores m\u00e1s afectados, puesto que estos eventos pueden generar patolog\u00edas asociadas al estr\u00e9s que implica la p\u00e9rdida y la modificaci\u00f3n de todos los contextos.\u201d<\/p>\n<p>&nbsp;<\/p>\n<p><a href=\"http:\/\/notinor.com\/jujuy\/wp-content\/uploads\/2017\/01\/salud-mental-1.jpg\"><img decoding=\"async\" loading=\"lazy\" class=\"alignnone size-full wp-image-105093\" src=\"http:\/\/notinor.com\/jujuy\/wp-content\/uploads\/2017\/01\/salud-mental-1.jpg\" alt=\"salud mental 1\" width=\"1024\" height=\"576\" srcset=\"https:\/\/notinor.com\/jujuy\/wp-content\/uploads\/2017\/01\/salud-mental-1.jpg 1024w, https:\/\/notinor.com\/jujuy\/wp-content\/uploads\/2017\/01\/salud-mental-1-300x169.jpg 300w, https:\/\/notinor.com\/jujuy\/wp-content\/uploads\/2017\/01\/salud-mental-1-199x112.jpg 199w\" sizes=\"(max-width: 1024px) 100vw, 1024px\" \/><\/a><\/p>\n<p><u>Intervenci\u00f3n de salud mental en la zona de desastre<\/u><\/p>\n<p>A ra\u00edz del aluvi\u00f3n, en primera instancia se articularon las tareas entre diversos equipos de salud para atender a pacientes en situaci\u00f3n de crisis. As\u00ed se trabaj\u00f3 en intervenciones psicol\u00f3gicas en el lugar para una correcta contenci\u00f3n y asistencia a damnificados en la zona, priorizando a ni\u00f1os, ni\u00f1as y adultos mayores; incluso se realizaron derivaciones hacia los centros de atenci\u00f3n de mayor complejidad.<\/p>\n<p>Asimismo, se contuvo a turistas varados en la zona norte de la provincia al igual que evacuados en el Regimiento de Infanter\u00eda de Monta\u00f1a 20 \u201cCazadores de los Andes\u201d (RIM 20); lugar donde existe una constante presencia de los equipos de salud y salud mental particularmente, as\u00ed como en las tres zonas afectadas por el fen\u00f3meno natural, estableciendo como prioridad, la ciudad de Volc\u00e1n.<\/p>\n<p>Cada equipo de salud est\u00e1 conformado por m\u00e9dico, psic\u00f3logo, enfermero y trabajador social, quienes priorizan las atenciones cl\u00ednicas y psicol\u00f3gicas. En los casos que fue necesario la participaci\u00f3n de un profesional de la Psiquiatr\u00eda, los mismos arribaron a la zona para una mejor atenci\u00f3n.<\/p>\n<p>Para contener la demanda hubo una gran presencia por parte de profesionales que prestan servicio en nosocomios provinciales y desde la Secretar\u00eda de Salud Mental y Adicciones. Por otra parte se destaca la gran colaboraci\u00f3n de m\u00e9dicos de toda la provincia trabajando en la zona.<\/p>\n","protected":false},"excerpt":{"rendered":"<p>El Ministro de Salud, Mario Fiad se refiri\u00f3 a las tareas que est\u00e1n desarrollando los equipos de salud mental con todas las personas que directa o indirectamente han sido afectados por el aluvi\u00f3n en el departamento Tumbaya. \u201cTodo este trabajo tiene la prioridad de cuidar y contener a cada ciudadano que fue afectado por este [&hellip;]<\/p>\n","protected":false},"author":1,"featured_media":105092,"comment_status":"open","ping_status":"open","sticky":false,"template":"","format":"standard","meta":{"_stopmodifiedupdate":false,"_modified_date":"","inline_featured_image":false},"categories":[493],"tags":[],"jetpack_featured_media_url":"https:\/\/notinor.com\/jujuy\/wp-content\/uploads\/2017\/01\/salud-mental-alud.jpg","_links":{"self":[{"href":"https:\/\/notinor.com\/jujuy\/wp-json\/wp\/v2\/posts\/105091"}],"collection":[{"href":"https:\/\/notinor.com\/jujuy\/wp-json\/wp\/v2\/posts"}],"about":[{"href":"https:\/\/notinor.com\/jujuy\/wp-json\/wp\/v2\/types\/post"}],"author":[{"embeddable":true,"href":"https:\/\/notinor.com\/jujuy\/wp-json\/wp\/v2\/users\/1"}],"replies":[{"embeddable":true,"href":"https:\/\/notinor.com\/jujuy\/wp-json\/wp\/v2\/comments?post=105091"}],"version-history":[{"count":1,"href":"https:\/\/notinor.com\/jujuy\/wp-json\/wp\/v2\/posts\/105091\/revisions"}],"predecessor-version":[{"id":105094,"href":"https:\/\/notinor.com\/jujuy\/wp-json\/wp\/v2\/posts\/105091\/revisions\/105094"}],"wp:featuredmedia":[{"embeddable":true,"href":"https:\/\/notinor.com\/jujuy\/wp-json\/wp\/v2\/media\/105092"}],"wp:attachment":[{"href":"https:\/\/notinor.com\/jujuy\/wp-json\/wp\/v2\/media?parent=105091"}],"wp:term":[{"taxonomy":"category","embeddable":true,"href":"https:\/\/notinor.com\/jujuy\/wp-json\/wp\/v2\/categories?post=105091"},{"taxonomy":"post_tag","embeddable":true,"href":"https:\/\/notinor.com\/jujuy\/wp-json\/wp\/v2\/tags?post=105091"}],"curies":[{"name":"wp","href":"https:\/\/api.w.org\/{rel}","templated":true}]}}